{"id":227,"date":"2017-10-31T10:54:14","date_gmt":"2017-10-31T10:54:14","guid":{"rendered":"http:\/\/www.djoglobal.fr\/blog\/?p=227"},"modified":"2025-04-09T11:56:57","modified_gmt":"2025-04-09T11:56:57","slug":"comment-vaincre-son-mal-de-dos","status":"publish","type":"post","link":"https:\/\/enovis-medtech.eu\/blog\/comment-vaincre-son-mal-de-dos\/","title":{"rendered":"COMMENT VAINCRE SON MAL DE DOS?"},"content":{"rendered":"\n<h2 class=\"wp-block-heading\">&nbsp;<\/h2>\n\n\n\n<h2 class=\"wp-block-heading\"><strong><span class=\"has-inline-color has-vivid-cyan-blue-color\">POURQUOI A-T-ON MAL AU DOS ?<\/span><\/strong><\/h2>\n\n\n\n<p>Le mal de dos est la <strong>premi\u00e8re cause d\u2019invalidit\u00e9 avant 45 ans.<\/strong><\/p>\n\n\n\n<p>On consid\u00e8re que <strong>80 % des Fran\u00e7ais ont ou auront mal au dos au courant de leur vie.<\/strong><\/p>\n\n\n\n<p><strong>R\u00e9cemment, 35&nbsp;% des Fran\u00e7ais d\u00e9claraient avoir souffert d&rsquo;une lombalgie au cours des douze derniers mois.&nbsp;<\/strong><\/p>\n\n\n\n<p>Les douleurs du dos sont surtout localis\u00e9es dans la r\u00e9gion cervicale (cervicalgies) et dans la r\u00e9gion lombaire (lombalgies). La douleur est avant tout li\u00e9e \u00e0 une fatigue musculaire.<\/p>\n\n\n\n<p>La douleur, quelle que soit sa nature, est d\u00e9clench\u00e9e lorsque les capacit\u00e9s de la colonne vert\u00e9brale sont d\u00e9pass\u00e9es. Plus la colonne vert\u00e9brale aura \u00e0 subir de contraintes, plus un individu sera sujet au mal de dos.<\/p>\n\n\n\n<p>Les causes graves avec l\u00e9sions osseuses (compression nerveuse par une hernie discale) sont heureusement les moins fr\u00e9quentes et il s\u2019agit le plus souvent d\u2019un dysfonctionnement articulaire intervert\u00e9bral avec une forte r\u00e9action musculaire. Par ailleurs, certains mouvements r\u00e9p\u00e9titifs, certaines positions professionnelles ou gestes domestiques favorisent l\u2019apparition de la lombalgie.<\/p>\n\n\n\n<p>Apr\u00e8s le traitement m\u00e9dical antalgique et d\u00e9contracturant de la phase aigue, la r\u00e9adaptation lombaire comporte, outre l\u2019apprentissage des postures de protection lombaire et le renforcement musculaire, l\u2019utilisation de ceintures lombaires ou de corsets.<\/p>\n\n\n\n<div style=\"height:15px\" aria-hidden=\"true\" class=\"wp-block-spacer\"><\/div>\n\n\n\n<h2 class=\"wp-block-heading\"><strong><span class=\"has-inline-color has-vivid-cyan-blue-color\">RAPPEL ANATOMIQUE ET PHYSIOLOGIQUE<\/span><\/strong><\/h2>\n\n\n\n<h3 class=\"wp-block-heading\">OS<\/h3>\n\n\n\n<p>La colonne vert\u00e9brale est compos\u00e9e de 24 vert\u00e8bres mobiles, 7 cervicales, 12 dorsales et 5 lombaires. Cet empilage repose sur le sacrum qui forme le bassin en liaison avec les os iliaques.<\/p>\n\n\n\n<p>Le tout est maintenu en parfait \u00e9quilibre gr\u00e2ce \u00e0 un merveilleux syst\u00e8me de muscles et de ligaments fonctionnant avec une remarquable pr\u00e9cision faite de synergies et d\u2019antagonismes, comme dans les cordages et les haubans assurant la stabilit\u00e9 du m\u00e2t du voilier.<\/p>\n\n\n\n<p>Seules deux parties de cette colonne sont flexibles : le cou et la r\u00e9gion lombaire. Les vert\u00e8bres dorsales li\u00e9es \u00e0 la cage thoracique forment un ensemble rigide qui prot\u00e8ge le c\u0153ur et les poumons, le bassin est \u00e9galement rigide.<\/p>\n\n\n\n<p>R\u00c9SULTAT : les zones les plus flexibles sont aussi les plus fragiles puisque soumises \u00e0 plus de contraintes et plus de mobilit\u00e9.<\/p>\n\n\n\n<h3 class=\"wp-block-heading\">MUSCLES<\/h3>\n\n\n\n<p>En outre, sachez que les muscles de la colonne vert\u00e9brale ne sont jamais au repos. S\u2019ils se reposaient, notre cou ne tiendrait plus notre t\u00eate qui tomberait en avant ou sur le c\u00f4t\u00e9, notre colonne lombaire ne tiendrait plus et nous serions pli\u00e9s en avant comme des poup\u00e9es de chiffon.<\/p>\n\n\n\n<p>Enfin, dernier point de fragilit\u00e9, et sans doute le plus important : le disque intervert\u00e9bral. Les vert\u00e8bres sont s\u00e9par\u00e9es les unes des autres par des coussinets : les disques intervert\u00e9braux, ces astucieux amortisseurs sont compos\u00e9s d\u2019une bille g\u00e9latineuse : le noyau pulpeux maintenu au centre d\u2019un solide cartilage, l\u2019anneau fibreux. Soumis \u00e0 d\u2019incessantes d\u00e9formations dues aux mouvements du tronc et de la t\u00eate, le disque intervert\u00e9bral est un peu le \u201ctalon d\u2019Achille\u201d de la colonne.<\/p>\n\n\n<div class=\"wp-block-image\">\n<figure class=\"aligncenter size-full is-resized\"><img loading=\"lazy\" decoding=\"async\" width=\"614\" height=\"836\" src=\"https:\/\/www.djoglobal.eu\/blog\/wp-content\/uploads\/2017\/10\/Vertebre-noire.jpg\" alt=\"Colonne vert\u00e9brale\" class=\"wp-image-228\" style=\"width:352px;height:479px\" srcset=\"https:\/\/enovis-medtech.eu\/blog\/wp-content\/uploads\/2017\/10\/Vertebre-noire.jpg 614w, https:\/\/enovis-medtech.eu\/blog\/wp-content\/uploads\/2017\/10\/Vertebre-noire-220x300.jpg 220w\" sizes=\"auto, (max-width: 614px) 100vw, 614px\" \/><\/figure>\n<\/div>\n\n\n<h6 class=\"wp-block-heading\">Rachis vue lat\u00e9rale. Le rachis est un empilement de segments superpos\u00e9s. Chaque segment est en soi \u201cune unit\u00e9 fonctionnelle\u201d compos\u00e9e de deux parties : la partie ant\u00e9rieure et la partie post\u00e9rieure.<\/h6>\n\n\n\n<div style=\"height:14px\" aria-hidden=\"true\" class=\"wp-block-spacer\"><\/div>\n\n\n\n<h2 class=\"wp-block-heading\"><strong><span class=\"has-inline-color has-vivid-cyan-blue-color\">LES PRINCIPALES L\u00c9SIONS<\/span><\/strong><\/h2>\n\n\n\n<h3 class=\"wp-block-heading\"><strong>Causes de douleurs du dos<\/strong><\/h3>\n\n\n\n<p><strong>TORTICOLIS<\/strong> : douleur provoqu\u00e9e par des contractures musculaires au niveau du cou.<\/p>\n\n\n\n<p><strong>CERVICALGIE<\/strong> : douleur du cou et de la nuque.<\/p>\n\n\n\n<p><strong>DORSALGIE <\/strong>: douleur de la r\u00e9gion dorsale.<\/p>\n\n\n\n<p><strong>LOMBALGIE <\/strong>: douleur de la r\u00e9gion lombaire. Peut \u00eatre d\u2019origine vert\u00e9brale mais aussi musculaire, ou plus rarement li\u00e9e \u00e0 une cause g\u00e9n\u00e9rale ou locale.<\/p>\n\n\n\n<p><strong>LUMBAGO<\/strong> : douleur vive ressentie dans la r\u00e9gion lombaire, souvent li\u00e9e \u00e0 une l\u00e9sion du disque intervert\u00e9bral.<\/p>\n\n\n\n<p><strong>SCIATIQUE<\/strong> : douleur provoqu\u00e9e par une irradiation du nerf sciatique due le plus souvent \u00e0 une compression d\u2019une racine nerveuse au niveau d\u2019un disque intervert\u00e9bral. La douleur aura un trajet sp\u00e9cifique suivant l\u2019\u00e9tage de la l\u00e9sion.<\/p>\n\n\n\n<p><strong>HERNIE DISCALE<\/strong> : fuite de substance constituant le noyau discal au travers d\u2019une fissure dans les fibres du disque intervert\u00e9bral. Cette substance faisant saillie dans le canal rachidien peut comprimer une racine nerveuse occasionnant diverses irradiations douloureuses suivant l\u2019\u00e9tage de la l\u00e9sion.<\/p>\n\n\n<div class=\"wp-block-image\">\n<figure class=\"aligncenter size-full\"><img loading=\"lazy\" decoding=\"async\" width=\"553\" height=\"226\" src=\"https:\/\/www.djoglobal.eu\/blog\/wp-content\/uploads\/2017\/10\/stades-de-lesions-lombaires.jpg\" alt=\"stades de l\u00e9sions lombaires\" class=\"wp-image-239\" srcset=\"https:\/\/enovis-medtech.eu\/blog\/wp-content\/uploads\/2017\/10\/stades-de-lesions-lombaires.jpg 553w, https:\/\/enovis-medtech.eu\/blog\/wp-content\/uploads\/2017\/10\/stades-de-lesions-lombaires-300x123.jpg 300w\" sizes=\"auto, (max-width: 553px) 100vw, 553px\" \/><\/figure>\n<\/div>\n\n<div class=\"wp-block-image\">\n<figure class=\"aligncenter size-full\"><img loading=\"lazy\" decoding=\"async\" width=\"491\" height=\"178\" src=\"https:\/\/www.djoglobal.eu\/blog\/wp-content\/uploads\/2017\/10\/vertebre-niveau-lombaire.jpg\" alt=\"vert\u00e8bre niveau lombaire\" class=\"wp-image-240\" srcset=\"https:\/\/enovis-medtech.eu\/blog\/wp-content\/uploads\/2017\/10\/vertebre-niveau-lombaire.jpg 491w, https:\/\/enovis-medtech.eu\/blog\/wp-content\/uploads\/2017\/10\/vertebre-niveau-lombaire-300x109.jpg 300w\" sizes=\"auto, (max-width: 491px) 100vw, 491px\" \/><\/figure>\n<\/div>\n\n\n<div style=\"height:13px\" aria-hidden=\"true\" class=\"wp-block-spacer\"><\/div>\n\n\n\n<h3 class=\"wp-block-heading\"><strong>Les ph\u00e9nom\u00e8nes aggravants sont multiples&nbsp;:<\/strong><\/h3>\n\n\n\n<p><strong>HYPERLORDOSE <\/strong>: exag\u00e9ration de la courbure de la colonne vert\u00e9brale dans sa convexit\u00e9 ant\u00e9rieure.<\/p>\n\n\n\n<p><strong>HYPERCYPHOSE <\/strong>: exag\u00e9ration de la courbure de la colonne vert\u00e9brale dans sa convexit\u00e9 post\u00e9rieure.<\/p>\n\n\n\n<p><strong>SCOLIOSE <\/strong>: d\u00e9viation lat\u00e9rale de la colonne vert\u00e9brale.<\/p>\n\n\n\n<p><strong>ARTHROSE<\/strong> : alt\u00e9ration des cartilages articulaires sous l\u2019effet du vieillissement. Elle peut affecter toutes les articulations, notamment celles de la colonne vert\u00e9brale.<\/p>\n\n\n\n<p><strong>OST\u00c9OPOROSE <\/strong>: l\u00e9sion osseuse li\u00e9e au vieillissement se caract\u00e9risant par un amincissement et une rar\u00e9faction des trav\u00e9es osseuses entra\u00eenant une fragilisation des os.<\/p>\n\n\n\n<p><strong>STRESS ET D\u00c9PRESSION<\/strong> : comme pratiquement toutes les parties du corps, le dos peut \u00eatre l\u2019expression d\u2019un probl\u00e8me psychologique. La douleur physique peut \u00eatre l\u2019expression d\u2019une souffrance morale.<\/p>\n\n\n\n<div style=\"height:14px\" aria-hidden=\"true\" class=\"wp-block-spacer\"><\/div>\n\n\n\n<h2 class=\"wp-block-heading\"><strong><span class=\"has-inline-color has-vivid-cyan-blue-color\">POURQUOI A T&rsquo;ON MAL AU DOS ?<\/span><\/strong><\/h2>\n\n\n\n<p>Les douleurs du dos sont, comme on vient de le voir, surtout localis\u00e9es dans la r\u00e9gion cervicale (cervicalgies) et dans la r\u00e9gion lombaire (lombalgies). La douleur est avant tout li\u00e9e \u00e0 une fatigue musculaire.<\/p>\n\n\n\n<p>La douleur, quelle que soit sa nature, est d\u00e9clench\u00e9e lorsque les capacit\u00e9s de la colonne vert\u00e9brale sont d\u00e9pass\u00e9es. Plus la colonne vert\u00e9brale aura \u00e0 subir de contraintes, plus l\u2019individu sera sujet au <em>mal au dos<\/em>.<\/p>\n\n\n\n<div style=\"height:13px\" aria-hidden=\"true\" class=\"wp-block-spacer\"><\/div>\n\n\n\n<h2 class=\"wp-block-heading\"><strong><span class=\"has-inline-color has-vivid-cyan-blue-color\">MAL AU DOS : COMBIEN \u00c7A CO\u00dbTE?<\/span><\/strong><\/h2>\n\n\n\n<h3 class=\"wp-block-heading\">Chiffres <\/h3>\n\n\n\n<p>Chaque ann\u00e9e en France, le chiffre de 1,2 milliards d\u2019euros est le co\u00fbt que repr\u00e9sente le mal au dos \u00e0 la collectivit\u00e9. Encore ne tient-on pas compte des co\u00fbts indirects engendr\u00e9s par les arr\u00eats de travail et rentes d\u2019invalidit\u00e9 vers\u00e9es dans le cas des s\u00e9quelles du mal de dos.<br>3.630.000 journ\u00e9es de travail perdues annuellement.<br>Le mal de dos peut \u00eatre consid\u00e9r\u00e9 comme l\u2019une des sources principales du d\u00e9ficit des comptes de l\u2019Assurance Maladie.<\/p>\n\n\n\n<h3 class=\"wp-block-heading\">Les arr\u00eats<\/h3>\n\n\n\n<p>En 2015,&nbsp;<strong>les lombalgies concernaient 19,1% des arr\u00eats de travail&nbsp;<\/strong>alors qu\u2019elles repr\u00e9sentaient 13&nbsp;% des accidents du travail en 2005. Soit 6 points de plus en 10 ans&nbsp;!<\/p>\n\n\n\n<p>Plus concr\u00e8tement : le mal au dos repr\u00e9sente le <strong>2\u00e8me motif de visite chez le m\u00e9decin<\/strong>, soit :<\/p>\n\n\n\n<ul class=\"wp-block-list\">\n<li>plus de 200 millions de consultations par an<\/li>\n\n\n\n<li>premi\u00e8re cause d\u2019examens radiologiques (24% contre 20% pour les maladies de l\u2019appareil digestif) Une exploration compl\u00e8te d\u2019un mal au dos avec radios, R.M.N. et scanner peut atteindre 3000 euros<\/li>\n\n\n\n<li>principal motif des s\u00e9ances chez le kin\u00e9sith\u00e9rapeute (35% du total contre 15% pour les suites de traumatismes)<\/li>\n<\/ul>\n\n\n\n<p>Pour la S\u00e9curit\u00e9 Sociale, le mal au dos n\u2019a pas qu\u2019un co\u00fbt strictement m\u00e9dical. Les probl\u00e8mes ost\u00e9o-articulaires repr\u00e9sentent environ 95.000 accidents du travail par an, soit 10% du total. C\u2019est m\u00eame la principale cause d\u2019arr\u00eat de travail chez les actifs de moins de 40 ans, soit l\u2019\u00e2ge o\u00f9 ils devraient \u00eatre le plus productifs. Les 3,5 millions de journ\u00e9es de travail perdues de ce fait co\u00fbtent \u00e0 la collectivit\u00e9 pr\u00e8s d\u2019un milliard d\u2019euros. (Statistiques 1999 \/ 2000).<\/p>\n\n\n<div class=\"wp-block-image\">\n<figure class=\"aligncenter size-full is-resized\"><img loading=\"lazy\" decoding=\"async\" width=\"1000\" height=\"625\" src=\"https:\/\/www.djoglobal.eu\/blog\/wp-content\/uploads\/2017\/10\/infographie-mal-de-dos-LP-INFOGRAPHIE.-C.-TECHE.jpg\" alt=\"Infographie mal de dos - \u00a9 Cr\u00e9dit photo : LP\/INFOGRAPHIE. C. TECHE\" class=\"wp-image-241\" style=\"width:730px;height:456px\" srcset=\"https:\/\/enovis-medtech.eu\/blog\/wp-content\/uploads\/2017\/10\/infographie-mal-de-dos-LP-INFOGRAPHIE.-C.-TECHE.jpg 1000w, https:\/\/enovis-medtech.eu\/blog\/wp-content\/uploads\/2017\/10\/infographie-mal-de-dos-LP-INFOGRAPHIE.-C.-TECHE-300x188.jpg 300w, https:\/\/enovis-medtech.eu\/blog\/wp-content\/uploads\/2017\/10\/infographie-mal-de-dos-LP-INFOGRAPHIE.-C.-TECHE-768x480.jpg 768w\" sizes=\"auto, (max-width: 1000px) 100vw, 1000px\" \/><figcaption class=\"wp-element-caption\">\u00a9 Cr\u00e9dit photo : LP\/INFOGRAPHIE. C. TECHE<\/figcaption><\/figure>\n<\/div>\n\n\n<div style=\"height:15px\" aria-hidden=\"true\" class=\"wp-block-spacer\"><\/div>\n\n\n\n<h2 class=\"wp-block-heading\"><strong><span class=\"has-inline-color has-vivid-cyan-blue-color\">PR\u00c9VENIR LE MAL AU DOS<\/span><\/strong><\/h2>\n\n\n\n<h3 class=\"wp-block-heading\"><strong>Diminuer la contrainte physique<\/strong><\/h3>\n\n\n\n<ul class=\"wp-block-list\">\n<li>Utiliser des pauses m\u00eame br\u00e8ves pour r\u00e9aliser quelques mouvements de d\u00e9contraction.<\/li>\n\n\n\n<li>Alterner les activit\u00e9s au travail comme \u00e0 la maison,<\/li>\n\n\n\n<li>La douleur ressentie par le jardinier qui se rel\u00e8ve apr\u00e8s une heure pass\u00e9e pench\u00e9 sur la plate-bande est NORMALE. Son dos lui signale juste qu\u2019il en a assez fait. Il s\u2019agit de fatigue musculaire, non de LOMBALGIE VRAIE.<\/li>\n\n\n\n<li>Pour ce qui est de la position couch\u00e9e, il n\u2019existe pas de position id\u00e9ale. Et s\u2019il est vrai qu\u2019il ne faut pas dormir enfonc\u00e9 dans un matelas qui va bloquer le corps toute la nuit dans la m\u00eame position, \u00e0 l\u2019inverse, un matelas dur ne gu\u00e9rit pas un mal de dos mais il va permettre de bouger pendant le sommeil et, pour ceux qui dorment sur le ventre, il \u00e9vite d\u2019\u00eatre trop cambr\u00e9.<\/li>\n<\/ul>\n\n\n\n<p>Les professions les plus expos\u00e9es sont, dans l\u2019ordre :<\/p>\n\n\n\n<p>&#8211; le b\u00e2timent, le transport, la manutention.<\/p>\n\n\n\n<p>&#8211; mais aussi, ironie du sort, le personnel m\u00e9dical, infirmi\u00e8res, kin\u00e9sith\u00e9rapeutes, manipulateurs radios, souvent oblig\u00e9s de manutentionner les malades, ils sont souvent victimes de probl\u00e8mes dorsaux dans leur travail.<\/p>\n\n\n\n<h3 class=\"wp-block-heading\"><strong>Diminuer les risques lors de manutentions<\/strong><\/h3>\n\n\n\n<p>La manutention manuelle est fr\u00e9quemment \u00e0 l\u2019origine d\u2019accidents dorsaux, en particulier lombaires. Une bonne technique de manutention vous aidera \u00e0 prot\u00e9ger votre colonne.<\/p>\n\n\n\n<p><em>R\u00e8gles de manutention :<\/em><\/p>\n\n\n\n<p>&#8211; r\u00e9fl\u00e9chir avant d\u2019agir<\/p>\n\n\n\n<p>&#8211; se placer le plus pr\u00e8s possible de la charge<\/p>\n\n\n\n<p>&#8211; garder le dos bien \u00e0 plat<\/p>\n\n\n\n<p>&#8211; fl\u00e9chir les jambes et soulever \u00e0 la force des cuisses<\/p>\n\n\n\n<p>Pour cela il faut :<\/p>\n\n\n\n<p>&#8211; respecter les limites de charges autoris\u00e9es (30 kg pour les hommes,&nbsp;15 kg pour les femmes),<\/p>\n\n\n\n<p>&#8211; manutentionner sans g\u00eane (espaces d\u00e9gag\u00e9s),&nbsp;&#8211; des cuisses et une sangle abdominale bien muscl\u00e9es.<\/p>\n\n\n\n<h3 class=\"wp-block-heading\"><strong>Diminuer les risques dus aux vibrations :<\/strong><\/h3>\n\n\n\n<p>&#8211; suspensions des v\u00e9hicules,<\/p>\n\n\n\n<p>&#8211; adaptation des si\u00e8ges,<\/p>\n\n\n\n<p>&#8211; limitation des temps d\u2019exposition aux vibrations (postes de travail, arr\u00eats toutes les 2 heures, \u00e9tirements, d\u00e9contraction, marche).<\/p>\n\n\n\n<p>Les vibrations peuvent entra\u00eener une usure pr\u00e9matur\u00e9e des disques intervert\u00e9braux mais aussi une alt\u00e9ration des corps vert\u00e9braux eux-m\u00eames.<\/p>\n\n\n<div class=\"wp-block-image\">\n<figure class=\"aligncenter size-full\"><img loading=\"lazy\" decoding=\"async\" width=\"542\" height=\"201\" src=\"https:\/\/www.djoglobal.eu\/blog\/wp-content\/uploads\/2017\/10\/mal-de-dos_les-bons-gestes.jpg\" alt=\"mal de dos_les bons gestes\" class=\"wp-image-242\" srcset=\"https:\/\/enovis-medtech.eu\/blog\/wp-content\/uploads\/2017\/10\/mal-de-dos_les-bons-gestes.jpg 542w, https:\/\/enovis-medtech.eu\/blog\/wp-content\/uploads\/2017\/10\/mal-de-dos_les-bons-gestes-300x111.jpg 300w\" sizes=\"auto, (max-width: 542px) 100vw, 542px\" \/><\/figure>\n<\/div>\n\n\n<div style=\"height:17px\" aria-hidden=\"true\" class=\"wp-block-spacer\"><\/div>\n\n\n\n<h2 class=\"wp-block-heading\"><strong>QUELQUES EXEMPLES DE MANUTENTION D\u2019OBJETS<\/strong><\/h2>\n\n\n\n<p><strong><em>Am\u00e9liorer le soutien musculaire<\/em><\/strong><\/p>\n\n\n<div class=\"wp-block-image\">\n<figure class=\"aligncenter size-full\"><img loading=\"lazy\" decoding=\"async\" width=\"384\" height=\"234\" src=\"https:\/\/www.djoglobal.eu\/blog\/wp-content\/uploads\/2017\/10\/bonne-et-mauvaise-position-dorsale.jpg\" alt=\"bonne et mauvaise position dorsale\" class=\"wp-image-243\" srcset=\"https:\/\/enovis-medtech.eu\/blog\/wp-content\/uploads\/2017\/10\/bonne-et-mauvaise-position-dorsale.jpg 384w, https:\/\/enovis-medtech.eu\/blog\/wp-content\/uploads\/2017\/10\/bonne-et-mauvaise-position-dorsale-300x183.jpg 300w\" sizes=\"auto, (max-width: 384px) 100vw, 384px\" \/><\/figure>\n<\/div>\n\n\n<div style=\"height:18px\" aria-hidden=\"true\" class=\"wp-block-spacer\"><\/div>\n\n\n\n<h2 class=\"wp-block-heading\"><strong><span class=\"has-inline-color has-vivid-cyan-blue-color\">QUELQUES EXEMPLES DE RENFORCEMENT MUSCULAIRE<\/span><\/strong><\/h2>\n\n\n\n<p>Il est important d\u2019avoir une bonne musculature, notamment cuisses et sangle abdominale. Cette derni\u00e8re a un r\u00f4le tr\u00e8s important. En se contractant elle augmente la pression dans la cavit\u00e9 abdominale et joue alors un r\u00f4le d\u2019aide actif en avant de la colonne avec pour cons\u00e9quence de r\u00e9duire l\u2019effort des muscles dorsaux et de diminuer la pression sur les disques intervert\u00e9braux.<\/p>\n\n\n\n<h3 class=\"wp-block-heading\"><strong>Exercices thoraco-rachidiens destin\u00e9s \u00e0 apprendre \u00e0 mobiliser le bassin<\/strong><\/h3>\n\n\n\n<p>La mobilisation du bassin est un geste que tout le monde peut et doit r\u00e9aliser. Geste de pr\u00e9vention, la bascule de bassin permet aussi de r\u00e9duire la douleur.<\/p>\n\n\n\n<p>Ant\u00e9version et r\u00e9troversion sont les deux composantes de ce mouvement.<\/p>\n\n\n\n<p>L\u2019ant\u00e9version augmente la cambrure lombaire et la r\u00e9troversion la diminue, voire l\u2019efface.<\/p>\n\n\n\n<p>L\u2019ant\u00e9version qui creuse les reins est un mouvement spontan\u00e9. La r\u00e9troversion est un mouvement actif qui conjugue la contraction des muscles abdominaux et fessiers. Elle entra\u00eene un \u00e9tirement des muscles lombaires.<\/p>\n\n\n\n<h3 class=\"wp-block-heading\"><strong>Ant\u00e9version et r\u00e9troversion maximale<\/strong><\/h3>\n\n\n\n<p>En position \u201c\u00e0 quatre pattes\u201d en appui sur les mains et les genoux, la bascule du bassin est tr\u00e8s simple \u00e0 r\u00e9aliser :<\/p>\n\n\n\n<p>Bras et cuisses \u00e0 la verticale, dos rond avec rel\u00e2chement du cou en flexion avant (accompagn\u00e9 d\u2019une expiration) suivi d\u2019extension dorso-lombaire et mise en adduction basse des omoplates (accompagn\u00e9 d\u2019une inspiration), dos creux.<\/p>\n\n\n<div class=\"wp-block-image\">\n<figure class=\"aligncenter size-full\"><img loading=\"lazy\" decoding=\"async\" width=\"365\" height=\"192\" src=\"https:\/\/www.djoglobal.eu\/blog\/wp-content\/uploads\/2017\/10\/Anteversion-et-retroversion-maximale.jpg\" alt=\"ant\u00e9version - r\u00e9troversion\" class=\"wp-image-231\" srcset=\"https:\/\/enovis-medtech.eu\/blog\/wp-content\/uploads\/2017\/10\/Anteversion-et-retroversion-maximale.jpg 365w, https:\/\/enovis-medtech.eu\/blog\/wp-content\/uploads\/2017\/10\/Anteversion-et-retroversion-maximale-300x158.jpg 300w\" sizes=\"auto, (max-width: 365px) 100vw, 365px\" \/><\/figure>\n<\/div>\n\n\n<p>Lorsque vous aurez bien compris la m\u00e9canique des muscles qui permettent la bascule du bassin, vous constaterez que celle-ci peut \u00eatre r\u00e9alis\u00e9e dans toutes les positions, assis, debout, couch\u00e9 ou \u201c\u00e0 quatre pattes\u201d.<\/p>\n\n\n\n<p>Il convient de r\u00e9aliser ce \u201cverrouillage\u201d du bassin le plus souvent possible afin d\u2019entretenir la mobilit\u00e9 de la colonne lombaire et renforcer les muscles agissant sur cette mobilit\u00e9.<\/p>\n\n\n\n<p>Il est tr\u00e8s important de bien faire ces mouvements sans entra\u00eener de douleurs.<\/p>\n\n\n\n<figure class=\"wp-block-gallery has-nested-images columns-default is-cropped wp-block-gallery-1 is-layout-flex wp-block-gallery-is-layout-flex\">\n<figure class=\"wp-block-image size-large\"><img loading=\"lazy\" decoding=\"async\" width=\"440\" height=\"698\" data-id=\"232\" src=\"https:\/\/enovis-medtech.eu\/blog\/wp-content\/uploads\/2017\/10\/mal-de-dos-exercice-1.jpg\" alt=\"\" class=\"wp-image-232\" srcset=\"https:\/\/enovis-medtech.eu\/blog\/wp-content\/uploads\/2017\/10\/mal-de-dos-exercice-1.jpg 440w, https:\/\/enovis-medtech.eu\/blog\/wp-content\/uploads\/2017\/10\/mal-de-dos-exercice-1-189x300.jpg 189w\" sizes=\"auto, (max-width: 440px) 100vw, 440px\" \/><\/figure>\n\n\n\n<figure class=\"wp-block-image size-large\"><img loading=\"lazy\" decoding=\"async\" width=\"458\" height=\"692\" data-id=\"233\" src=\"https:\/\/enovis-medtech.eu\/blog\/wp-content\/uploads\/2017\/10\/mal-de-dos-exercice-2.jpg\" alt=\"\" class=\"wp-image-233\" srcset=\"https:\/\/enovis-medtech.eu\/blog\/wp-content\/uploads\/2017\/10\/mal-de-dos-exercice-2.jpg 458w, https:\/\/enovis-medtech.eu\/blog\/wp-content\/uploads\/2017\/10\/mal-de-dos-exercice-2-199x300.jpg 199w\" sizes=\"auto, (max-width: 458px) 100vw, 458px\" \/><\/figure>\n<\/figure>\n\n\n\n<figure class=\"wp-block-gallery has-nested-images columns-default is-cropped wp-block-gallery-2 is-layout-flex wp-block-gallery-is-layout-flex\">\n<figure class=\"wp-block-image size-large\"><img loading=\"lazy\" decoding=\"async\" width=\"469\" height=\"685\" data-id=\"235\" src=\"https:\/\/enovis-medtech.eu\/blog\/wp-content\/uploads\/2017\/10\/mal-de-dos-exercice-3.jpg\" alt=\"\" class=\"wp-image-235\" srcset=\"https:\/\/enovis-medtech.eu\/blog\/wp-content\/uploads\/2017\/10\/mal-de-dos-exercice-3.jpg 469w, https:\/\/enovis-medtech.eu\/blog\/wp-content\/uploads\/2017\/10\/mal-de-dos-exercice-3-205x300.jpg 205w\" sizes=\"auto, (max-width: 469px) 100vw, 469px\" \/><\/figure>\n\n\n\n<figure class=\"wp-block-image size-large\"><img loading=\"lazy\" decoding=\"async\" width=\"473\" height=\"696\" data-id=\"234\" src=\"https:\/\/enovis-medtech.eu\/blog\/wp-content\/uploads\/2017\/10\/mal-de-dos-exercice-3-suite.jpg\" alt=\"\" class=\"wp-image-234\" srcset=\"https:\/\/enovis-medtech.eu\/blog\/wp-content\/uploads\/2017\/10\/mal-de-dos-exercice-3-suite.jpg 473w, https:\/\/enovis-medtech.eu\/blog\/wp-content\/uploads\/2017\/10\/mal-de-dos-exercice-3-suite-204x300.jpg 204w\" sizes=\"auto, (max-width: 473px) 100vw, 473px\" \/><\/figure>\n<\/figure>\n\n\n\n<h2 class=\"wp-block-heading\">&nbsp;<\/h2>\n\n\n\n<div style=\"height:16px\" aria-hidden=\"true\" class=\"wp-block-spacer\"><\/div>\n\n\n\n<h2 class=\"wp-block-heading\"><strong><span class=\"has-inline-color has-vivid-cyan-blue-color\">LES \u00c9TIREMENTS OU \u201cSTRETCHING\u201d<\/span><\/strong><\/h2>\n\n\n\n<p>Cette &nbsp;m\u00e9thode &nbsp;permet &nbsp;d\u2019accro\u00eetre &nbsp;notre &nbsp;souplesse. Elle constitue un excellent compl\u00e9ment \u00e0 l\u2019entra\u00eenement physique ordinaire.<\/p>\n\n\n\n<p>Les l\u00e9sions ou inflammations &nbsp;musculaires peuvent \u00eatre en grande partie pr\u00e9venues gr\u00e2ce au stretching.<\/p>\n\n\n\n<p>Voici &nbsp;quelques exercices sp\u00e9cifiques destin\u00e9s \u00e0 &nbsp;am\u00e9liorer notamment &nbsp;la souplesse de toute la cha\u00eene (face post\u00e9rieure du corps) musculaire post\u00e9rieure.<\/p>\n\n\n\n<p>Ces muscles, tr\u00e8s sollicit\u00e9s, sont souvent hypertoniques. Arriver par les \u00e9tirements \u00e0 les rel\u00e2cher favorise la diminution de leur fatigabilit\u00e9.<\/p>\n\n\n\n<p><strong>LE &nbsp;PROGRAMME<\/strong><strong> D\u2019ENTRA\u00ceNEMENT <\/strong>que vous avez \u00e0 ex\u00e9cuter dure une dizaine de minutes environ. Il doit \u00eatre pr\u00e9c\u00e9d\u00e9 d\u2019un \u00e9chauffement, quelques pas de course par exemple.<\/p>\n\n\n\n<h3 class=\"wp-block-heading\"><strong><em>Le principe est le suivant :<\/em><\/strong><\/h3>\n\n\n\n<p>1) Contractez le groupe de muscles autant que possible pendant<\/p>\n\n\n\n<p>20 secondes environ. Pendant vos exercices de stretching, il est primordial &nbsp;de conserver une respiration naturelle l\u00e9g\u00e8rement accentu\u00e9e.<\/p>\n\n\n\n<p>2) Rel\u00e2chez compl\u00e8tement 5 secondes.<\/p>\n\n\n\n<p>3) Etirez doucement autant que possible et restez dans cette position pendant \u00e9galement 20 secondes. Ne vous \u201cbalancez\u201d pas et pensez que vous ne devez jamais ressentir de douleur, \u00e9prouvez l\u2019\u00e9tirement : le \u201cstretch\u201d &nbsp;(douleur = l\u00e9sion).<\/p>\n\n\n\n<p>4) Rel\u00e2chez \u00e0 nouveau, puis recommencez (4 \u00e0 5 fois) en partant de la position acquise.<\/p>\n\n\n\n<p>Le principe ci-dessus est \u00e0 &nbsp;adapter &nbsp;\u00e0 &nbsp;chaque exercice de stretching.<\/p>\n\n\n\n<div style=\"height:15px\" aria-hidden=\"true\" class=\"wp-block-spacer\"><\/div>\n\n\n\n<h2 class=\"wp-block-heading\"><strong><span class=\"has-inline-color has-vivid-cyan-blue-color\">QUELQUES EXEMPLES<\/span><\/strong><\/h2>\n\n\n\n<figure class=\"wp-block-gallery has-nested-images columns-default is-cropped wp-block-gallery-3 is-layout-flex wp-block-gallery-is-layout-flex\">\n<figure class=\"wp-block-image size-large\"><img loading=\"lazy\" decoding=\"async\" width=\"526\" height=\"782\" data-id=\"236\" src=\"https:\/\/enovis-medtech.eu\/blog\/wp-content\/uploads\/2017\/10\/mal-de-dos-exercice-4.jpg\" alt=\"\" class=\"wp-image-236\" srcset=\"https:\/\/enovis-medtech.eu\/blog\/wp-content\/uploads\/2017\/10\/mal-de-dos-exercice-4.jpg 526w, https:\/\/enovis-medtech.eu\/blog\/wp-content\/uploads\/2017\/10\/mal-de-dos-exercice-4-202x300.jpg 202w\" sizes=\"auto, (max-width: 526px) 100vw, 526px\" \/><\/figure>\n\n\n\n<figure class=\"wp-block-image size-large\"><img loading=\"lazy\" decoding=\"async\" width=\"533\" height=\"796\" data-id=\"238\" src=\"https:\/\/enovis-medtech.eu\/blog\/wp-content\/uploads\/2017\/10\/mal-de-dos-exercice-6.jpg\" alt=\"\" class=\"wp-image-238\" srcset=\"https:\/\/enovis-medtech.eu\/blog\/wp-content\/uploads\/2017\/10\/mal-de-dos-exercice-6.jpg 533w, https:\/\/enovis-medtech.eu\/blog\/wp-content\/uploads\/2017\/10\/mal-de-dos-exercice-6-201x300.jpg 201w\" sizes=\"auto, (max-width: 533px) 100vw, 533px\" \/><\/figure>\n\n\n\n<figure class=\"wp-block-image size-large\"><img loading=\"lazy\" decoding=\"async\" width=\"536\" height=\"736\" data-id=\"244\" src=\"https:\/\/enovis-medtech.eu\/blog\/wp-content\/uploads\/2017\/10\/mal-de-dos-exercice-7.jpg\" alt=\"\" class=\"wp-image-244\" srcset=\"https:\/\/enovis-medtech.eu\/blog\/wp-content\/uploads\/2017\/10\/mal-de-dos-exercice-7.jpg 536w, https:\/\/enovis-medtech.eu\/blog\/wp-content\/uploads\/2017\/10\/mal-de-dos-exercice-7-218x300.jpg 218w\" sizes=\"auto, (max-width: 536px) 100vw, 536px\" \/><\/figure>\n<\/figure>\n\n\n\n<div style=\"height:15px\" aria-hidden=\"true\" class=\"wp-block-spacer\"><\/div>\n\n\n\n<h2 class=\"wp-block-heading\"><strong><span class=\"has-inline-color has-vivid-cyan-blue-color\">ACTIVIT\u00c9 PHYSIQUE<\/span><\/strong><\/h2>\n\n\n\n<p>Augmenter la force et la capacit\u00e9 d\u2019\u00e9tirement des muscles du dos, conserver une bonne mobilit\u00e9 de la colonne, sont des objectifs \u00e0 atteindre \u00e0 l\u2019aide de mouvements tels que ceux que nous venons d\u2019\u00e9num\u00e9rer.<\/p>\n\n\n\n<p>Une activit\u00e9 physique g\u00e9n\u00e9rale, qu\u2019il s\u2019agisse d\u2019un exercice habituel comme la marche ou d\u2019une activit\u00e9 plus soutenue, est un facteur d\u2019am\u00e9lioration de la sant\u00e9 en g\u00e9n\u00e9ral et de pr\u00e9vention des douleurs dorsales en particulier.<\/p>\n\n\n\n<p>Sachez choisir l\u2019exercice qui vous pla\u00eet et que vous pouvez pratiquer 2 ou 3 fois par semaine durant 20 \u00e0 30 minutes. Si vous \u00eates peu actif, d\u00e9butez lentement. Aucune activit\u00e9 n\u2019est contre-indiqu\u00e9e si vous prenez plaisir \u00e0 la pratiquer et si vous \u00eates prudent dans sa pratique.<\/p>\n\n\n\n<p>N\u2019oubliez pas de vous \u00e9chauffer avant d\u2019entamer une activit\u00e9 et terminez par des mouvements d\u2019\u00e9tirements et de relaxation. S\u2019il ne vous est pas possible d\u2019exercer une activit\u00e9 physique, essayez de marcher plut\u00f4t que de prendre la voiture, \u00e9vitez l\u2019ascenseur pour monter quelques \u00e9tages.<\/p>\n\n\n\n<p>L\u2019activit\u00e9 physique va vous muscler, vous serez mieux dans votre peau. Perte de poids et bien-\u00eatre r\u00e9duisent les douleurs dorsales. Si vous \u00eates en surpoids, une surveillance alimentaire vous aidera \u00e0 vous d\u00e9barrasser de vos douleurs dorsales.<\/p>\n\n\n\n<p><strong><em>Respecter quelques r\u00e8gles d&rsquo;hygi\u00e8ne alimentaire<\/em><\/strong><\/p>\n\n\n\n<ul class=\"wp-block-list\">\n<li>Adoptez une alimentation \u00e9quilibr\u00e9e, tant qualitativement que quantitativement.<\/li>\n\n\n\n<li>Faites 3 vrais repas par jour, celui du soir devant pr\u00e9f\u00e9rablement \u00eatre le plus l\u00e9ger.<\/li>\n\n\n\n<li>Hydratez-vous suffisamment : 10 cl d&rsquo;eau \/ kg de poids par jour (ne pas boire plus de 40 cl \/ kg en une seule prise). Pensez \u00e0 r\u00e9guli\u00e8rement boire de l&rsquo;eau, de pr\u00e9f\u00e9rence entre les repas.<\/li>\n<\/ul>\n\n\n\n<div style=\"height:15px\" aria-hidden=\"true\" class=\"wp-block-spacer\"><\/div>\n\n\n\n<h2 class=\"wp-block-heading\"><strong><span class=\"has-inline-color has-vivid-cyan-blue-color\">POUR SOULAGER OU R\u00c9DUIRE LA DOULEUR<\/span><\/strong><\/h2>\n\n\n\n<p>Il faut avoir la d\u00e9marche de consulter son m\u00e9decin qui vous indiquera quel est le meilleur traitement \u00e0 suivre.<\/p>\n\n\n\n<h3 class=\"wp-block-heading\"><em>Au niveau du cou<\/em><\/h3>\n\n\n\n<p>Faire des mouvements d\u2019\u00e9tirements en position debout ou assis, mouvements lents et progressifs jusqu\u2019au maximum &nbsp;de flexion et de rotation de la t\u00eate, sans augmenter la douleur.<\/p>\n\n\n\n<h3 class=\"wp-block-heading\"><em>Au niveau lombaire &#8211; En phase aigu\u00eb<\/em><\/h3>\n\n\n\n<p>&#8211; Repos. Bains chauds, compresses chaudes,<\/p>\n\n\n\n<p>&#8211; V\u00e9rifiez la qualit\u00e9 de la literie,<\/p>\n\n\n\n<p>&#8211; Traitement m\u00e9dical (calmants, anti-inflammatoires, d\u00e9contractants),<\/p>\n\n\n\n<p>&#8211; Kin\u00e9sith\u00e9rapie,<\/p>\n\n\n\n<p>&#8211; Utilisation de ceintures de maintien lombaire, notamment les ceintures gonflables.<\/p>\n\n\n\n<h3 class=\"wp-block-heading\"><em>Au niveau lombaire &#8211; En phase chronique &amp; en pr\u00e9vention<\/em><\/h3>\n\n\n\n<p>&#8211; R\u00e9duction de poids,<\/p>\n\n\n\n<p>&#8211; Kin\u00e9sith\u00e9rapie,<\/p>\n\n\n\n<p>&#8211; Podologie, faire v\u00e9rifier les appuis talonniers et plantaires et rectifier les semelles si n\u00e9cessaire,<\/p>\n\n\n\n<p>&#8211; Activit\u00e9 professionnelle adapt\u00e9e,<\/p>\n\n\n\n<p>&#8211; Activit\u00e9 physique sportive r\u00e9guli\u00e8re, compatible avec l\u2019\u00e2ge et l\u2019\u00e9tat de sant\u00e9,<\/p>\n\n\n\n<p>&#8211; Utilisation de ceintures de maintien gonflables,<\/p>\n\n\n\n<p>&#8211; Talonnettes anti-vibration si vous exercez une activit\u00e9.<\/p>\n\n\n\n<div style=\"height:16px\" aria-hidden=\"true\" class=\"wp-block-spacer\"><\/div>\n\n\n\n<h2 class=\"wp-block-heading\"><strong><span class=\"has-inline-color has-vivid-cyan-blue-color\">EXERCICES DESTINES A DIMINUER LA TENSION LOMBAIRE<\/span><\/strong><\/h2>\n\n\n\n<h3 class=\"wp-block-heading\">Couch\u00e9 sur le dos<\/h3>\n\n\n\n<p>1) Se coucher sur le dos, les bras sur la poitrine, les genoux repli\u00e9s ; appuyer fortement le creux du dos sur le sol en serrant les muscles de l\u2019abdomen et les fesses, relevant ainsi le pubis en avant ; expirer en m\u00eame temps. Tenir jusqu\u2019\u00e0 10, se relaxer et r\u00e9p\u00e9ter.<\/p>\n\n\n\n<p>2) Se coucher sur le dos, les bras sur les c\u00f4t\u00e9s, les genoux repli\u00e9s : relever les genoux et les presser \u00e9nergiquement sur la poitrine avec les mains jointes plusieurs fois ; se relaxer et recommencer.<\/p>\n\n\n\n<p>De m\u00eame, r\u00e9p\u00e9ter l\u2019exercice en utilisant une seule jambe \u00e0 la fois.<\/p>\n\n\n\n<h3 class=\"wp-block-heading\"><strong>Au sol<\/strong><\/h3>\n\n\n\n<p>3) Commencer en position de coureur au d\u00e9part (une jambe \u00e9tendue, l\u2019autre en avant comme indiqu\u00e9, les mains au sol) ; se plier vers le bas et en avant et en portant l\u2019abdomen sur la cuisse.<\/p>\n\n\n\n<p>Recommencer avec les jambes invers\u00e9es.<\/p>\n\n\n\n<h3 class=\"wp-block-heading\"><strong>Avec une chaise<\/strong><\/h3>\n\n\n\n<p>4) Se mettre debout les mains sur le dossier d\u2019une chaise ; s\u2019accroupir en redressant le creux du dos. Revenir \u00e0 la position de d\u00e9part et recommencer.<\/p>\n\n\n\n<p>5) S\u2019asseoir sur une chaise, les mains jointes sur les genoux ; se pencher en avant, pla\u00e7ant le menton entre les genoux ; revenir lentement \u00e0 la position de d\u00e9part tout en tendant les muscles abdominaux. Se relaxer et recommencer.<\/p>\n\n\n\n<p><strong>Les exercices se font de pr\u00e9f\u00e9rence sur une surface matelass\u00e9e, tel un tapis.&nbsp;Commencer doucement. Ne faire chaque exercice qu\u2019une ou deux fois par jour, puis augmenter progressivement \u00e0 10 fois ou plus dans les limites du bien-\u00eatre. Une douleur, mais non une l\u00e9g\u00e8re g\u00eane, est une indication pour s\u2019arr\u00eater.<\/strong><\/p>\n\n\n\n<div style=\"height:18px\" aria-hidden=\"true\" class=\"wp-block-spacer\"><\/div>\n\n\n\n<p>La douleur est un signe qu\u2019il ne faut pas n\u00e9gliger. Si cette derni\u00e8re est prononc\u00e9e et\/ou perdure trop longtemps, il est conseill\u00e9 de consulter un&nbsp; m\u00e9decin.<\/p>\n\n\n\n<p>Pour plus d\u2019informations sur les solutions th\u00e9rapeutiques propos\u00e9es, cliquez <strong><a href=\"http:\/\/www.djoglobal.eu\/cf_core\/services\/serviceForm?actionId=236&amp;taxonomyId=153469&amp;advisorName=adv_DJOglobal_products&amp;languageId=fr_FR&amp;coreBaseUrl=http%3A%2F%2Fdjoglobal.eu%2Fcf_core&amp;siteBaseUrl=http%3A%2F%2Fdjoglobal.eu%2F&amp;instanceId=10&amp;staging=false&amp;userId=1928&amp;page=1\">ICI<\/a>.<\/strong><\/p>\n\n\n\n<p> <a href=\"http:\/\/www.djoglobal.fr\">www.djoglobal.fr<\/a> <\/p>\n\n\n\n<div class=\"wp-block-media-text alignwide has-media-on-the-right is-stacked-on-mobile\" style=\"grid-template-columns:auto 15%\"><div class=\"wp-block-media-text__content\">\n<p>Abonnez-vous \u00e0 notre cha\u00eene <a href=\"https:\/\/bit.ly\/LinkedInDJOFrance\">LinkedIn<\/a> d\u00e9di\u00e9e uniquement aux professionnels de sant\u00e9 sur laquelle vous retrouverez toute notre actualit\u00e9 hebdomadaire li\u00e9e \u00e0 notre domaine&nbsp;!  <\/p>\n<\/div><figure class=\"wp-block-media-text__media\"><img loading=\"lazy\" decoding=\"async\" width=\"831\" height=\"1024\" src=\"https:\/\/www.djoglobal.eu\/blog\/wp-content\/uploads\/2021\/04\/Picto-BV-Bouton-LINKEDIN-Rond-RESEAUX-831x1024.jpg\" alt=\"LinkedIn DJO France\" class=\"wp-image-1498 size-full\" srcset=\"https:\/\/enovis-medtech.eu\/blog\/wp-content\/uploads\/2021\/04\/Picto-BV-Bouton-LINKEDIN-Rond-RESEAUX-831x1024.jpg 831w, https:\/\/enovis-medtech.eu\/blog\/wp-content\/uploads\/2021\/04\/Picto-BV-Bouton-LINKEDIN-Rond-RESEAUX-243x300.jpg 243w, https:\/\/enovis-medtech.eu\/blog\/wp-content\/uploads\/2021\/04\/Picto-BV-Bouton-LINKEDIN-Rond-RESEAUX-768x946.jpg 768w, https:\/\/enovis-medtech.eu\/blog\/wp-content\/uploads\/2021\/04\/Picto-BV-Bouton-LINKEDIN-Rond-RESEAUX.jpg 1179w\" sizes=\"auto, (max-width: 831px) 100vw, 831px\" \/><\/figure><\/div>\n\n\n\n<p><strong><u>Sources : <\/u>Dos, mode d\u2019emploi <\/strong>&#8211; Dr. J.P. Meyer &#8211; INRS\/&nbsp;<strong>Les douleurs du dos <\/strong>&#8211; Dr. P. Stora &#8211; ANATOMIA\/&nbsp;<strong>Mal de dos et sport <\/strong>&#8211; Dr. Graciet &#8211; Dr. Y. Demarrais&nbsp; &#8211; M.K J.F. Lamour<\/p>\n\n\n\n<p><strong>Auteur<\/strong> : DJO France &#8211; Octobre 2017<\/p>\n\n\n\n<p><\/p>\n","protected":false},"excerpt":{"rendered":"<p>&nbsp; POURQUOI A-T-ON MAL AU DOS ? Le mal de dos est la premi\u00e8re cause d\u2019invalidit\u00e9 avant 45 ans. On consid\u00e8re que 80 % des Fran\u00e7ais ont ou auront mal au dos au courant de leur vie. R\u00e9cemment, 35&nbsp;% des Fran\u00e7ais d\u00e9claraient avoir souffert d&rsquo;une lombalgie au cours des douze derniers mois.&nbsp; Les douleurs du [&hellip;]<\/p>\n","protected":false},"author":3,"featured_media":727,"comment_status":"closed","ping_status":"closed","sticky":false,"template":"","format":"standard","meta":{"_acf_changed":false,"footnotes":""},"categories":[8],"tags":[17,38,51,58,77,81,82,92,93,94,97,99,102,105,106,122,143,146,155],"class_list":["post-227","post","type-post","status-publish","format-standard","has-post-thumbnail","hentry","category-tout-savoir-sur-le-dos","tag-arthrose-dorsale","tag-cervicalgie","tag-cruralgie","tag-douleur-lombaire","tag-hernie-discale","tag-hypercyphose","tag-hyperlordose","tag-lombalgie","tag-lombalgie-aigue","tag-lombalgie-aigue-que-faire","tag-lombalgie-que-faire","tag-lombosciatalgie","tag-lumbago","tag-mal-de-dos-cause","tag-mal-de-dos-que-faire","tag-prevenir-le-mal-de-dos","tag-sciatique","tag-scoliose","tag-torticolis"],"acf":[],"yoast_head":"<!-- This site is optimized with the Yoast SEO plugin v25.2 - https:\/\/yoast.com\/wordpress\/plugins\/seo\/ -->\n<title>COMMENT VAINCRE SON MAL DE DOS? - Enovis France<\/title>\n<meta name=\"description\" content=\"Le mal de dos est la 1\u00e8re cause d\u2019invalidit\u00e9 avant 45 ans. 80 % des Fran\u00e7ais ont ou auront une lombalgie au courant de leur vie.\" \/>\n<meta name=\"robots\" content=\"index, follow, max-snippet:-1, max-image-preview:large, max-video-preview:-1\" \/>\n<link rel=\"canonical\" href=\"https:\/\/enovis-medtech.eu\/blog\/comment-vaincre-son-mal-de-dos\/\" \/>\n<meta property=\"og:locale\" content=\"fr_FR\" \/>\n<meta property=\"og:type\" content=\"article\" \/>\n<meta property=\"og:title\" content=\"COMMENT VAINCRE SON MAL DE DOS? - Enovis France\" \/>\n<meta property=\"og:description\" content=\"Le mal de dos est la 1\u00e8re cause d\u2019invalidit\u00e9 avant 45 ans. 80 % des Fran\u00e7ais ont ou auront une lombalgie au courant de leur vie.\" \/>\n<meta property=\"og:url\" content=\"https:\/\/enovis-medtech.eu\/blog\/comment-vaincre-son-mal-de-dos\/\" \/>\n<meta property=\"og:site_name\" content=\"Enovis France\" \/>\n<meta property=\"article:published_time\" content=\"2017-10-31T10:54:14+00:00\" \/>\n<meta property=\"article:modified_time\" content=\"2025-04-09T11:56:57+00:00\" \/>\n<meta property=\"og:image\" content=\"https:\/\/enovis-medtech.eu\/blog\/wp-content\/uploads\/2020\/01\/maridav140300198-1-scaled.jpg\" \/>\n\t<meta property=\"og:image:width\" content=\"2560\" \/>\n\t<meta property=\"og:image:height\" content=\"1706\" \/>\n\t<meta property=\"og:image:type\" content=\"image\/jpeg\" \/>\n<meta name=\"author\" content=\"Enovis France\" \/>\n<meta name=\"twitter:card\" content=\"summary_large_image\" \/>\n<meta name=\"twitter:label1\" content=\"\u00c9crit par\" \/>\n\t<meta name=\"twitter:data1\" content=\"Enovis France\" \/>\n\t<meta name=\"twitter:label2\" content=\"Dur\u00e9e de lecture estim\u00e9e\" \/>\n\t<meta name=\"twitter:data2\" content=\"17 minutes\" \/>\n<script type=\"application\/ld+json\" class=\"yoast-schema-graph\">{\"@context\":\"https:\/\/schema.org\",\"@graph\":[{\"@type\":\"WebPage\",\"@id\":\"https:\/\/enovis-medtech.eu\/blog\/comment-vaincre-son-mal-de-dos\/\",\"url\":\"https:\/\/enovis-medtech.eu\/blog\/comment-vaincre-son-mal-de-dos\/\",\"name\":\"COMMENT VAINCRE SON MAL DE DOS? - Enovis France\",\"isPartOf\":{\"@id\":\"https:\/\/enovis-medtech.eu\/blog\/#website\"},\"primaryImageOfPage\":{\"@id\":\"https:\/\/enovis-medtech.eu\/blog\/comment-vaincre-son-mal-de-dos\/#primaryimage\"},\"image\":{\"@id\":\"https:\/\/enovis-medtech.eu\/blog\/comment-vaincre-son-mal-de-dos\/#primaryimage\"},\"thumbnailUrl\":\"https:\/\/enovis-medtech.eu\/blog\/wp-content\/uploads\/2020\/01\/maridav140300198-1-scaled.jpg\",\"datePublished\":\"2017-10-31T10:54:14+00:00\",\"dateModified\":\"2025-04-09T11:56:57+00:00\",\"author\":{\"@id\":\"https:\/\/enovis-medtech.eu\/blog\/#\/schema\/person\/c6db1ca3889116e10ad105a91e80fdda\"},\"description\":\"Le mal de dos est la 1\u00e8re cause d\u2019invalidit\u00e9 avant 45 ans. 80 % des Fran\u00e7ais ont ou auront une lombalgie au courant de leur vie.\",\"breadcrumb\":{\"@id\":\"https:\/\/enovis-medtech.eu\/blog\/comment-vaincre-son-mal-de-dos\/#breadcrumb\"},\"inLanguage\":\"fr-FR\",\"potentialAction\":[{\"@type\":\"ReadAction\",\"target\":[\"https:\/\/enovis-medtech.eu\/blog\/comment-vaincre-son-mal-de-dos\/\"]}]},{\"@type\":\"ImageObject\",\"inLanguage\":\"fr-FR\",\"@id\":\"https:\/\/enovis-medtech.eu\/blog\/comment-vaincre-son-mal-de-dos\/#primaryimage\",\"url\":\"https:\/\/enovis-medtech.eu\/blog\/wp-content\/uploads\/2020\/01\/maridav140300198-1-scaled.jpg\",\"contentUrl\":\"https:\/\/enovis-medtech.eu\/blog\/wp-content\/uploads\/2020\/01\/maridav140300198-1-scaled.jpg\",\"width\":2560,\"height\":1706,\"caption\":\"Neuf points pour comprendre et soulager la lombalgie.\"},{\"@type\":\"BreadcrumbList\",\"@id\":\"https:\/\/enovis-medtech.eu\/blog\/comment-vaincre-son-mal-de-dos\/#breadcrumb\",\"itemListElement\":[{\"@type\":\"ListItem\",\"position\":1,\"name\":\"Home\",\"item\":\"https:\/\/enovis-medtech.eu\/blog\/\"},{\"@type\":\"ListItem\",\"position\":2,\"name\":\"COMMENT VAINCRE SON MAL DE DOS?\"}]},{\"@type\":\"WebSite\",\"@id\":\"https:\/\/enovis-medtech.eu\/blog\/#website\",\"url\":\"https:\/\/enovis-medtech.eu\/blog\/\",\"name\":\"Enovis France\",\"description\":\"- Blog\",\"potentialAction\":[{\"@type\":\"SearchAction\",\"target\":{\"@type\":\"EntryPoint\",\"urlTemplate\":\"https:\/\/enovis-medtech.eu\/blog\/?s={search_term_string}\"},\"query-input\":{\"@type\":\"PropertyValueSpecification\",\"valueRequired\":true,\"valueName\":\"search_term_string\"}}],\"inLanguage\":\"fr-FR\"},{\"@type\":\"Person\",\"@id\":\"https:\/\/enovis-medtech.eu\/blog\/#\/schema\/person\/c6db1ca3889116e10ad105a91e80fdda\",\"name\":\"Enovis France\",\"image\":{\"@type\":\"ImageObject\",\"inLanguage\":\"fr-FR\",\"@id\":\"https:\/\/enovis-medtech.eu\/blog\/#\/schema\/person\/image\/\",\"url\":\"https:\/\/secure.gravatar.com\/avatar\/3ff989cc77c76fed6e0fc346b43139fd83d1ce198fa927a884b9ab48ef75d7c2?s=96&d=mm&r=g\",\"contentUrl\":\"https:\/\/secure.gravatar.com\/avatar\/3ff989cc77c76fed6e0fc346b43139fd83d1ce198fa927a884b9ab48ef75d7c2?s=96&d=mm&r=g\",\"caption\":\"Enovis France\"},\"url\":\"https:\/\/enovis-medtech.eu\/blog\/author\/eleonore_lecoeur\/\"}]}<\/script>\n<!-- \/ Yoast SEO plugin. -->","yoast_head_json":{"title":"COMMENT VAINCRE SON MAL DE DOS? - Enovis France","description":"Le mal de dos est la 1\u00e8re cause d\u2019invalidit\u00e9 avant 45 ans. 80 % des Fran\u00e7ais ont ou auront une lombalgie au courant de leur vie.","robots":{"index":"index","follow":"follow","max-snippet":"max-snippet:-1","max-image-preview":"max-image-preview:large","max-video-preview":"max-video-preview:-1"},"canonical":"https:\/\/enovis-medtech.eu\/blog\/comment-vaincre-son-mal-de-dos\/","og_locale":"fr_FR","og_type":"article","og_title":"COMMENT VAINCRE SON MAL DE DOS? - Enovis France","og_description":"Le mal de dos est la 1\u00e8re cause d\u2019invalidit\u00e9 avant 45 ans. 80 % des Fran\u00e7ais ont ou auront une lombalgie au courant de leur vie.","og_url":"https:\/\/enovis-medtech.eu\/blog\/comment-vaincre-son-mal-de-dos\/","og_site_name":"Enovis France","article_published_time":"2017-10-31T10:54:14+00:00","article_modified_time":"2025-04-09T11:56:57+00:00","og_image":[{"width":2560,"height":1706,"url":"https:\/\/enovis-medtech.eu\/blog\/wp-content\/uploads\/2020\/01\/maridav140300198-1-scaled.jpg","type":"image\/jpeg"}],"author":"Enovis France","twitter_card":"summary_large_image","twitter_misc":{"\u00c9crit par":"Enovis France","Dur\u00e9e de lecture estim\u00e9e":"17 minutes"},"schema":{"@context":"https:\/\/schema.org","@graph":[{"@type":"WebPage","@id":"https:\/\/enovis-medtech.eu\/blog\/comment-vaincre-son-mal-de-dos\/","url":"https:\/\/enovis-medtech.eu\/blog\/comment-vaincre-son-mal-de-dos\/","name":"COMMENT VAINCRE SON MAL DE DOS? - Enovis France","isPartOf":{"@id":"https:\/\/enovis-medtech.eu\/blog\/#website"},"primaryImageOfPage":{"@id":"https:\/\/enovis-medtech.eu\/blog\/comment-vaincre-son-mal-de-dos\/#primaryimage"},"image":{"@id":"https:\/\/enovis-medtech.eu\/blog\/comment-vaincre-son-mal-de-dos\/#primaryimage"},"thumbnailUrl":"https:\/\/enovis-medtech.eu\/blog\/wp-content\/uploads\/2020\/01\/maridav140300198-1-scaled.jpg","datePublished":"2017-10-31T10:54:14+00:00","dateModified":"2025-04-09T11:56:57+00:00","author":{"@id":"https:\/\/enovis-medtech.eu\/blog\/#\/schema\/person\/c6db1ca3889116e10ad105a91e80fdda"},"description":"Le mal de dos est la 1\u00e8re cause d\u2019invalidit\u00e9 avant 45 ans. 80 % des Fran\u00e7ais ont ou auront une lombalgie au courant de leur vie.","breadcrumb":{"@id":"https:\/\/enovis-medtech.eu\/blog\/comment-vaincre-son-mal-de-dos\/#breadcrumb"},"inLanguage":"fr-FR","potentialAction":[{"@type":"ReadAction","target":["https:\/\/enovis-medtech.eu\/blog\/comment-vaincre-son-mal-de-dos\/"]}]},{"@type":"ImageObject","inLanguage":"fr-FR","@id":"https:\/\/enovis-medtech.eu\/blog\/comment-vaincre-son-mal-de-dos\/#primaryimage","url":"https:\/\/enovis-medtech.eu\/blog\/wp-content\/uploads\/2020\/01\/maridav140300198-1-scaled.jpg","contentUrl":"https:\/\/enovis-medtech.eu\/blog\/wp-content\/uploads\/2020\/01\/maridav140300198-1-scaled.jpg","width":2560,"height":1706,"caption":"Neuf points pour comprendre et soulager la lombalgie."},{"@type":"BreadcrumbList","@id":"https:\/\/enovis-medtech.eu\/blog\/comment-vaincre-son-mal-de-dos\/#breadcrumb","itemListElement":[{"@type":"ListItem","position":1,"name":"Home","item":"https:\/\/enovis-medtech.eu\/blog\/"},{"@type":"ListItem","position":2,"name":"COMMENT VAINCRE SON MAL DE DOS?"}]},{"@type":"WebSite","@id":"https:\/\/enovis-medtech.eu\/blog\/#website","url":"https:\/\/enovis-medtech.eu\/blog\/","name":"Enovis France","description":"- Blog","potentialAction":[{"@type":"SearchAction","target":{"@type":"EntryPoint","urlTemplate":"https:\/\/enovis-medtech.eu\/blog\/?s={search_term_string}"},"query-input":{"@type":"PropertyValueSpecification","valueRequired":true,"valueName":"search_term_string"}}],"inLanguage":"fr-FR"},{"@type":"Person","@id":"https:\/\/enovis-medtech.eu\/blog\/#\/schema\/person\/c6db1ca3889116e10ad105a91e80fdda","name":"Enovis France","image":{"@type":"ImageObject","inLanguage":"fr-FR","@id":"https:\/\/enovis-medtech.eu\/blog\/#\/schema\/person\/image\/","url":"https:\/\/secure.gravatar.com\/avatar\/3ff989cc77c76fed6e0fc346b43139fd83d1ce198fa927a884b9ab48ef75d7c2?s=96&d=mm&r=g","contentUrl":"https:\/\/secure.gravatar.com\/avatar\/3ff989cc77c76fed6e0fc346b43139fd83d1ce198fa927a884b9ab48ef75d7c2?s=96&d=mm&r=g","caption":"Enovis France"},"url":"https:\/\/enovis-medtech.eu\/blog\/author\/eleonore_lecoeur\/"}]}},"_links":{"self":[{"href":"https:\/\/enovis-medtech.eu\/blog\/wp-json\/wp\/v2\/posts\/227","targetHints":{"allow":["GET"]}}],"collection":[{"href":"https:\/\/enovis-medtech.eu\/blog\/wp-json\/wp\/v2\/posts"}],"about":[{"href":"https:\/\/enovis-medtech.eu\/blog\/wp-json\/wp\/v2\/types\/post"}],"author":[{"embeddable":true,"href":"https:\/\/enovis-medtech.eu\/blog\/wp-json\/wp\/v2\/users\/3"}],"replies":[{"embeddable":true,"href":"https:\/\/enovis-medtech.eu\/blog\/wp-json\/wp\/v2\/comments?post=227"}],"version-history":[{"count":6,"href":"https:\/\/enovis-medtech.eu\/blog\/wp-json\/wp\/v2\/posts\/227\/revisions"}],"predecessor-version":[{"id":2620,"href":"https:\/\/enovis-medtech.eu\/blog\/wp-json\/wp\/v2\/posts\/227\/revisions\/2620"}],"wp:featuredmedia":[{"embeddable":true,"href":"https:\/\/enovis-medtech.eu\/blog\/wp-json\/wp\/v2\/media\/727"}],"wp:attachment":[{"href":"https:\/\/enovis-medtech.eu\/blog\/wp-json\/wp\/v2\/media?parent=227"}],"wp:term":[{"taxonomy":"category","embeddable":true,"href":"https:\/\/enovis-medtech.eu\/blog\/wp-json\/wp\/v2\/categories?post=227"},{"taxonomy":"post_tag","embeddable":true,"href":"https:\/\/enovis-medtech.eu\/blog\/wp-json\/wp\/v2\/tags?post=227"}],"curies":[{"name":"wp","href":"https:\/\/api.w.org\/{rel}","templated":true}]}}