{"id":756,"date":"2023-05-16T10:00:34","date_gmt":"2023-05-16T10:00:34","guid":{"rendered":"https:\/\/www.djoglobal.eu\/blog\/?p=756"},"modified":"2025-04-09T11:51:38","modified_gmt":"2025-04-09T11:51:38","slug":"lombosciatalgie-et-activite-comment-les-concilier","status":"publish","type":"post","link":"https:\/\/enovis-medtech.eu\/blog\/lombosciatalgie-et-activite-comment-les-concilier\/","title":{"rendered":"LOMBO-SCIATALGIE ET ACTIVITE"},"content":{"rendered":"\n<p>Nous connaissons tous au moins\nune personne qui souffre de lombalgie.<\/p>\n\n\n\n<p>Si ce n\u2019est pas dans notre famille, c\u2019est dans notre entourage proche, amis, coll\u00e8gues, quand il ne s\u2019agit pas de notre propre personne.  C\u2019est donc dans un contexte de quasi-universalit\u00e9 que ce mal s\u00e9vit et touche \u00e9galement le monde de l\u2019entreprise. <\/p>\n\n\n\n<h2 class=\"wp-block-heading\"><mark style=\"background-color:rgba(0, 0, 0, 0)\" class=\"has-inline-color has-vivid-cyan-blue-color\"><strong>DONNEES CHIFFREES<\/strong><\/mark><\/h2>\n\n\n\n<p>A ce jour, plus de 2 salari\u00e9s sur 3 qui ont eu, ou auront, une lombalgie. <br>A elle seule, elle repr\u00e9sente 20% des arr\u00eats de travail et 7% des maladies professionnelles reconnues. <br>Mais au-del\u00e0 du nombre d\u2019arr\u00eats de travail en lui-m\u00eame, c\u2019est le temps d\u2019indisponibilit\u00e9 des salari\u00e9s qui ne cesse d\u2019augmenter, jusqu&rsquo;\u00e0 avoir tripl\u00e9 en 40 ans.<\/p>\n\n\n\n<p>A noter que ces chiffres sont exacerb\u00e9s par les professionnels du BTP qui, le plus souvent, adoptent des postures contraignantes.  <br>L\u2019impact sur l\u2019\u00e9conomie d\u2019une entreprise est donc r\u00e9el. On associe la lombalgie \u00e0 une perte pouvant aller jusqu\u2019\u00e0 1% du PIB de certains pays. <\/p>\n\n\n\n<div style=\"height:20px\" aria-hidden=\"true\" class=\"wp-block-spacer\"><\/div>\n\n\n\n<h2 class=\"wp-block-heading\"><strong><span class=\"has-inline-color has-vivid-cyan-blue-color\">QUE CACHE-T-ON DERRIERE LE MOT \u00ab\u00a0LOMBALGIE\u00a0\u00bb ?<\/span><\/strong><\/h2>\n\n\n\n<p>En r\u00e9alit\u00e9, c\u2019est tout un panache de causes et effets qui se retrouvent associ\u00e9s au terme de lombalgie.  Celui que l\u2019on retiendra le plus souvent est le fameux \u00ab lumbago \u00bb.   <br>Il se d\u00e9finit par une contracture vive, violente&nbsp;et douloureuse des&nbsp;muscles&nbsp;para-vert\u00e9braux du rachis lombaire.   <br>Le groupe musculaire le plus concern\u00e9 est le carr\u00e9 des&nbsp;lombes compos\u00e9 de 3 faisceaux : costo-transversaire, i<span style=\"font-size: revert; color: initial;\">lio-transversaire<\/span>, <span style=\"font-size: revert; color: initial;\">ilio-costal<\/span>.<\/p>\n\n\n<div class=\"wp-block-image\">\n<figure class=\"aligncenter size-large is-resized\"><img loading=\"lazy\" decoding=\"async\" width=\"1024\" height=\"871\" src=\"https:\/\/www.djoglobal.eu\/blog\/wp-content\/uploads\/2020\/07\/Planche-Anat-RachisV2-1024x871.jpg\" alt=\"planche anatomique rachis\" class=\"wp-image-989\" style=\"width:419px;height:356px\" srcset=\"https:\/\/enovis-medtech.eu\/blog\/wp-content\/uploads\/2020\/07\/Planche-Anat-RachisV2-1024x871.jpg 1024w, https:\/\/enovis-medtech.eu\/blog\/wp-content\/uploads\/2020\/07\/Planche-Anat-RachisV2-300x255.jpg 300w, https:\/\/enovis-medtech.eu\/blog\/wp-content\/uploads\/2020\/07\/Planche-Anat-RachisV2-768x653.jpg 768w, https:\/\/enovis-medtech.eu\/blog\/wp-content\/uploads\/2020\/07\/Planche-Anat-RachisV2.jpg 1434w\" sizes=\"auto, (max-width: 1024px) 100vw, 1024px\" \/><\/figure>\n<\/div>\n\n\n<div style=\"height:20px\" aria-hidden=\"true\" class=\"wp-block-spacer\"><\/div>\n\n\n\n<p>A eux trois, ils stabilisent en\ngrande partie votre rachis lombaire. <\/p>\n\n\n\n<p>Lors de sa contraction, la colonne est alors totalement bloqu\u00e9e. Il devient tr\u00e8s difficile d\u2019exercer des mouvements tels que se pencher en\u00a0avant, s\u2019incliner ou encore\u00a0des torsions de buste. <br>Cette douleur peut \u00a0\u00e9galement \u00a0\u00eatre \u00a0associ\u00e9e \u00a0\u00e0 \u00a0une \u00a0n\u00e9vralgie \u00a0du \u00a0nerf \u00a0sciatique ;\u00a0 plus \u00a0commun\u00e9ment appel\u00e9e sciatalgie.\u00a0 <br>Une douleur aig\u00fce \u00a0se\u00a0 propage \u00a0alors \u00a0de \u00a0votre \u00a0fesse \u00a0jusqu\u2019\u00e0 \u00a0votre \u00a0jambe; on \u00a0parle \u00a0de \u00a0lombosciatalgie.<\/p>\n\n\n<div class=\"wp-block-image\">\n<figure class=\"aligncenter size-full is-resized\"><img loading=\"lazy\" decoding=\"async\" width=\"344\" height=\"472\" src=\"https:\/\/enovis-medtech.eu\/blog\/wp-content\/uploads\/2023\/06\/Capture-decran-2023-06-07-112356.png\" alt=\"\" class=\"wp-image-2328\" style=\"width:308px;height:421px\" srcset=\"https:\/\/enovis-medtech.eu\/blog\/wp-content\/uploads\/2023\/06\/Capture-decran-2023-06-07-112356.png 344w, https:\/\/enovis-medtech.eu\/blog\/wp-content\/uploads\/2023\/06\/Capture-decran-2023-06-07-112356-219x300.png 219w\" sizes=\"auto, (max-width: 344px) 100vw, 344px\" \/><\/figure>\n<\/div>\n\n\n<div style=\"height:20px\" aria-hidden=\"true\" class=\"wp-block-spacer\"><\/div>\n\n\n\n<h1 class=\"wp-block-heading\"><mark style=\"background-color:rgba(0, 0, 0, 0)\" class=\"has-inline-color has-vivid-cyan-blue-color\"><strong>CAUSES DE LA LOMBO-SCIATALGIE<\/strong> <\/mark><\/h1>\n\n\n\n<h3 class=\"wp-block-heading\"><strong>1 &#8211; Causes structurelles\/intrins\u00e8ques <\/strong><\/h3>\n\n\n\n<p>Les causes peuvent \u00eatre une inflammation, une protrusion ou encore une hernie discale peuvent alors \u00eatre \u00e9voqu\u00e9es.<\/p>\n\n\n<div class=\"wp-block-image\">\n<figure class=\"aligncenter size-full is-resized\"><img loading=\"lazy\" decoding=\"async\" width=\"344\" height=\"119\" src=\"https:\/\/www.djoglobal.eu\/blog\/wp-content\/uploads\/2020\/02\/sciatique-hernie.jpg\" alt=\"sciatique - hernie\" class=\"wp-image-735\" style=\"width:483px;height:167px\" srcset=\"https:\/\/enovis-medtech.eu\/blog\/wp-content\/uploads\/2020\/02\/sciatique-hernie.jpg 344w, https:\/\/enovis-medtech.eu\/blog\/wp-content\/uploads\/2020\/02\/sciatique-hernie-300x104.jpg 300w\" sizes=\"auto, (max-width: 344px) 100vw, 344px\" \/><\/figure>\n<\/div>\n\n\n<h3 class=\"wp-block-heading\"><strong>2 &#8211; Causes fonctionnelles \/extrins\u00e8ques&nbsp;<\/strong><\/h3>\n\n\n\n<p>Au contraire de la cause structurelle, aucun \u00e9l\u00e9ment anatomique n\u2019est d\u00e9faillant.  Il&nbsp; &nbsp;s\u2019agit&nbsp; &nbsp;simplement&nbsp; &nbsp;d\u2019une&nbsp; &nbsp;adaptation&nbsp; &nbsp;des &nbsp;&nbsp;structures &nbsp;&nbsp;molles&nbsp; &nbsp;\u00e0&nbsp; &nbsp;un positionnement prolong\u00e9.  <\/p>\n\n\n\n<p>Exemple : &nbsp;<\/p>\n\n\n\n<ul class=\"wp-block-list\">\n<li> La position assise prolong\u00e9e raccourcit votre muscle psoas, ce qui aura pour cons\u00e9quence une tension sur vos vert\u00e8bres lombaires, de l\u2019arri\u00e8re vers l\u2019avant. <\/li>\n\n\n\n<li> Le port d\u2019une charge lourde sollicitera de mani\u00e8re excessive votre carr\u00e9 des lombes.  <\/li>\n\n\n\n<li> Un travail debout en extension ou torsion du buste pourrait \u00eatre \u00e0 l\u2019origine d\u2019un pincement discal.  <\/li>\n<\/ul>\n\n\n\n<div style=\"height:23px\" aria-hidden=\"true\" class=\"wp-block-spacer\"><\/div>\n\n\n\n<h2 class=\"wp-block-heading\"><strong><span class=\"has-inline-color has-vivid-cyan-blue-color\">COMMENT LUTTER CONTRE LA LOMBALGIE<\/span> <span class=\"has-inline-color has-vivid-cyan-blue-color\">?<\/span> <\/strong><\/h2>\n\n\n\n<p>Tout un \u00e9ventail de professionnels\nde sant\u00e9 s\u2019offre \u00e0 vous pour vous aider\n\u00e0 trouver la solution et\nlutter efficacement contre\nce mal. <\/p>\n\n\n\n<p>M\u00e9decins, kin\u00e9sith\u00e9rapeutes, ost\u00e9opathes,\nchiropracteurs, podologues, ergonomes\u2026 autant de professions et de pistes \u00e0 exploiter\n! &nbsp;<\/p>\n\n\n\n<p>N\u2019h\u00e9sitez pas \u00e0 en consulter plusieurs car la solution se trouvera certainement dans l\u2019interdisciplinarit\u00e9 ! <\/p>\n\n\n\n<div style=\"height:22px\" aria-hidden=\"true\" class=\"wp-block-spacer\"><\/div>\n\n\n\n<h2 class=\"wp-block-heading\"><strong><mark style=\"background-color:rgba(0, 0, 0, 0)\" class=\"has-inline-color has-vivid-cyan-blue-color\">ACTIVITE PROFESSIONNELLE ET LOMBALGIE <\/mark><\/strong><\/h2>\n\n\n\n<h3 class=\"wp-block-heading\"><mark style=\"background-color:rgba(0, 0, 0, 0)\" class=\"has-inline-color has-black-color\"><strong>Reprenons l\u2019exemple d\u2019un salari\u00e9 du BTP.<\/strong><\/mark><\/h3>\n\n\n\n<p>Nous pouvons ais\u00e9ment comprendre la difficult\u00e9 que ce dernier pourrait rencontrer si son mal perdurait. Le handicap pour lui que d\u2019\u00eatre sur un chantier toute une journ\u00e9e durant, avec des amplitudes limit\u00e9es et des douleurs. Son efficacit\u00e9 et son rendement seraient aussi revus \u00e0 la baisse.<\/p>\n\n\n\n<p><\/p>\n\n\n\n<h4 class=\"wp-block-heading\"><mark style=\"background-color:rgba(0, 0, 0, 0)\" class=\"has-inline-color has-black-color\"><strong>Pr\u00e9conisation<\/strong><\/mark><\/h4>\n\n\n\n<p>Dans son cas pr\u00e9cis, le port d\u2019une ceinture lombaire d\u00e9di\u00e9e aux patients soumis aux travaux de force serait pr\u00e9conis\u00e9. (cf. arbre d\u00e9cisionnel ci-dessous)<\/p>\n\n\n\n<p>Pour commencer, son maintien est r\u00e9glable de mod\u00e9r\u00e9 \u00e0 fort gr\u00e2ce aux sangles auto-agrippantes repositionnables pour s\u2019adapter \u00e0 chaque situation. De plus, ce type de ceinture est con\u00e7u dans un mat\u00e9riau anti-odeur et anti-bact\u00e9rien et donc, parfaitement adapt\u00e9 en cas d\u2019efforts intenses et notamment sous le soleil estival !<\/p>\n\n\n\n<p><br>Pour finir, leur conception leur permet d\u2019absorber les chocs et vibrations comme aucune autre ceinture lombaire standard \u00e0 ce jour.<\/p>\n\n\n\n<p>Cette ceinture est donc un alli\u00e9 de choix pour les professionnels du b\u00e2timent souhaitant associer une bonne immobilisation avec une activit\u00e9 professionnelle. <\/p>\n\n\n\n<p><\/p>\n\n\n<div class=\"wp-block-image\">\n<figure class=\"aligncenter size-large is-resized\"><img loading=\"lazy\" decoding=\"async\" width=\"1024\" height=\"578\" src=\"https:\/\/enovis-medtech.eu\/blog\/wp-content\/uploads\/2020\/04\/Capture-decran-2023-05-11-163038-1024x578.png\" alt=\"\" class=\"wp-image-2309\" style=\"width:809px;height:456px\" srcset=\"https:\/\/enovis-medtech.eu\/blog\/wp-content\/uploads\/2020\/04\/Capture-decran-2023-05-11-163038-1024x578.png 1024w, https:\/\/enovis-medtech.eu\/blog\/wp-content\/uploads\/2020\/04\/Capture-decran-2023-05-11-163038-300x169.png 300w, https:\/\/enovis-medtech.eu\/blog\/wp-content\/uploads\/2020\/04\/Capture-decran-2023-05-11-163038-768x434.png 768w, https:\/\/enovis-medtech.eu\/blog\/wp-content\/uploads\/2020\/04\/Capture-decran-2023-05-11-163038.png 1192w\" sizes=\"auto, (max-width: 1024px) 100vw, 1024px\" \/><\/figure>\n<\/div>\n\n\n<p><\/p>\n\n\n\n<p><\/p>\n\n\n\n<p>La douleur est un signe qu\u2019il ne faut pas n\u00e9gliger. Consultez un m\u00e9decin si cette derni\u00e8re est prononc\u00e9e et\/ou perdure trop longtemps.<\/p>\n\n\n\n<p>Pour plus d\u2019informations, rendez-vous sur le <a href=\"https:\/\/enovis-medtech.eu\/fr_FR\/products_overview.html?q_12354[]=DonJoy&amp;q_12699[]=3199\">site<\/a> pour y d\u00e9couvrir l&rsquo;ensemble des ceintures lombaires propos\u00e9es par Enovis<sup><sub>TM<\/sub><\/sup> France<\/p>\n\n\n<div class=\"wp-block-image\">\n<figure class=\"alignright size-full is-resized\"><a href=\"https:\/\/www.linkedin.com\/company\/enovis-france-sas\/mycompany\/\"><img loading=\"lazy\" decoding=\"async\" width=\"554\" height=\"481\" src=\"https:\/\/enovis-medtech.eu\/blog\/wp-content\/uploads\/2023\/05\/Capture-decran-2023-05-12-092543.png\" alt=\"\" class=\"wp-image-2313\" style=\"width:135px;height:116px\" srcset=\"https:\/\/enovis-medtech.eu\/blog\/wp-content\/uploads\/2023\/05\/Capture-decran-2023-05-12-092543.png 554w, https:\/\/enovis-medtech.eu\/blog\/wp-content\/uploads\/2023\/05\/Capture-decran-2023-05-12-092543-300x260.png 300w\" sizes=\"auto, (max-width: 554px) 100vw, 554px\" \/><\/a><\/figure>\n<\/div>\n\n\n<p><a href=\"https:\/\/enovis-medtech.eu\/fr_FR\/index.html\" target=\"_blank\" rel=\"noreferrer noopener\">www.enovis.fr<\/a><\/p>\n\n\n\n<p>Abonnez-vous \u00e0&nbsp;<a href=\"https:\/\/bit.ly\/LinkedInDJOFrance\" target=\"_blank\" rel=\"noreferrer noopener\">notre cha\u00eene LinkedIn<\/a>&nbsp;d\u00e9di\u00e9e uniquement aux professionnels de sant\u00e9 sur laquelle vous retrouverez toute notre actualit\u00e9 hebdomadaire li\u00e9e \u00e0 notre domaine&nbsp;!<\/p>\n\n\n\n<p><\/p>\n\n\n\n<p><strong>Auteur: Nicolas SANTI, Kin\u00e9sith\u00e9rapeute du sport \u00e0 Toulouse. <a href=\"https:\/\/www.nicolas-santi-masseur-kinesitherapeute.fr\/\">Fondateur du Toulouse Sport Sant\u00e9<\/a>. Formateur kin\u00e9 du sport.  En charge du \u00ab Seven Sud Garonne \u00bb, \u00e9quipe de rugby \u00e0 7 en \u00e9lite A .<\/strong><\/p>\n\n\n\n<p><strong>R\u00e9f\u00e9rences<\/strong> : Institut national de recherche et de s\u00e9curit\u00e9 pour la pr\u00e9vention des accidents du travail et des maladies professionnelles INRS &#8211; Ligue suisse contre le rhumatisme.<\/p>\n\n\n\n<p><strong>Sources iconographies <\/strong>: lombalgie.fr, pinterest.fr, preserversondos.fr et Enovis<sup><sub>TM<\/sub><\/sup> France.<\/p>\n\n\n\n<p><\/p>\n","protected":false},"excerpt":{"rendered":"<p>Lombosciatalgie : quels sont les sympt\u00f4mes et quelle ceinture lombaire porter? Comment continuer \u00e0 avoir une activit\u00e9 quotidienne malgr\u00e9 une lombosciatique?<\/p>\n","protected":false},"author":3,"featured_media":768,"comment_status":"closed","ping_status":"open","sticky":false,"template":"","format":"standard","meta":{"_acf_changed":false,"footnotes":""},"categories":[8],"tags":[22,26,29,30,32,35,36,37,46,56,92,93,95,98,100,101,102,104,108,120,121,135,143,144,145,156],"class_list":["post-756","post","type-post","status-publish","format-standard","has-post-thumbnail","hentry","category-tout-savoir-sur-le-dos","tag-ceinture-de-manutention","tag-ceinture-donjoy","tag-ceinture-lombaire-donjoy","tag-ceinture-lombaire-powerstrap","tag-ceinture-lombaire-travail","tag-ceinture-powerstrap","tag-ceinture-powerstrap-donjoy","tag-ceinture-travaux-de-force","tag-comment-soulager-une-lombosciatique","tag-djo-france","tag-lombalgie","tag-lombalgie-aigue","tag-lombalgie-chronique","tag-lomboscialtagie","tag-lombosciatalgie-arret-de-travail","tag-lombosciatique","tag-lumbago","tag-mal-de-dos","tag-muscle-carre-des-lombes","tag-powerstrap","tag-powerstrap-donjoy","tag-rachis-lombaire","tag-sciatique","tag-sciatique-chronique","tag-sciatique-paralysante","tag-tour-de-rein"],"acf":[],"yoast_head":"<!-- This site is optimized with the Yoast SEO plugin v25.2 - https:\/\/yoast.com\/wordpress\/plugins\/seo\/ -->\n<title>LOMBO-SCIATALGIE ET ACTIVITE - Enovis France<\/title>\n<meta name=\"description\" content=\"Plus de 2 salari\u00e9s sur 3 ont eu, ou auront une lombalgie. En comparaison, \u00e0 quoi correspond la lombo-sciatalgie ?\" \/>\n<meta name=\"robots\" content=\"index, follow, max-snippet:-1, max-image-preview:large, max-video-preview:-1\" \/>\n<link rel=\"canonical\" href=\"https:\/\/enovis-medtech.eu\/blog\/lombosciatalgie-et-activite-comment-les-concilier\/\" \/>\n<meta property=\"og:locale\" content=\"fr_FR\" \/>\n<meta property=\"og:type\" content=\"article\" \/>\n<meta property=\"og:title\" content=\"LOMBO-SCIATALGIE ET ACTIVITE - Enovis France\" \/>\n<meta property=\"og:description\" content=\"Plus de 2 salari\u00e9s sur 3 ont eu, ou auront une lombalgie. En comparaison, \u00e0 quoi correspond la lombo-sciatalgie ?\" \/>\n<meta property=\"og:url\" content=\"https:\/\/enovis-medtech.eu\/blog\/lombosciatalgie-et-activite-comment-les-concilier\/\" \/>\n<meta property=\"og:site_name\" content=\"Enovis France\" \/>\n<meta property=\"article:published_time\" content=\"2023-05-16T10:00:34+00:00\" \/>\n<meta property=\"article:modified_time\" content=\"2025-04-09T11:51:38+00:00\" \/>\n<meta property=\"og:image\" content=\"https:\/\/enovis-medtech.eu\/blog\/wp-content\/uploads\/2020\/04\/pa-douleur-Constance-BAS-DOS_72dpi.jpg\" \/>\n\t<meta property=\"og:image:width\" content=\"1843\" \/>\n\t<meta property=\"og:image:height\" content=\"1382\" \/>\n\t<meta property=\"og:image:type\" content=\"image\/jpeg\" \/>\n<meta name=\"author\" content=\"Enovis France\" \/>\n<meta name=\"twitter:card\" content=\"summary_large_image\" \/>\n<meta name=\"twitter:label1\" content=\"\u00c9crit par\" \/>\n\t<meta name=\"twitter:data1\" content=\"Enovis France\" \/>\n\t<meta name=\"twitter:label2\" content=\"Dur\u00e9e de lecture estim\u00e9e\" \/>\n\t<meta name=\"twitter:data2\" content=\"6 minutes\" \/>\n<script type=\"application\/ld+json\" class=\"yoast-schema-graph\">{\"@context\":\"https:\/\/schema.org\",\"@graph\":[{\"@type\":\"WebPage\",\"@id\":\"https:\/\/enovis-medtech.eu\/blog\/lombosciatalgie-et-activite-comment-les-concilier\/\",\"url\":\"https:\/\/enovis-medtech.eu\/blog\/lombosciatalgie-et-activite-comment-les-concilier\/\",\"name\":\"LOMBO-SCIATALGIE ET ACTIVITE - Enovis France\",\"isPartOf\":{\"@id\":\"https:\/\/enovis-medtech.eu\/blog\/#website\"},\"primaryImageOfPage\":{\"@id\":\"https:\/\/enovis-medtech.eu\/blog\/lombosciatalgie-et-activite-comment-les-concilier\/#primaryimage\"},\"image\":{\"@id\":\"https:\/\/enovis-medtech.eu\/blog\/lombosciatalgie-et-activite-comment-les-concilier\/#primaryimage\"},\"thumbnailUrl\":\"https:\/\/enovis-medtech.eu\/blog\/wp-content\/uploads\/2020\/04\/pa-douleur-Constance-BAS-DOS_72dpi.jpg\",\"datePublished\":\"2023-05-16T10:00:34+00:00\",\"dateModified\":\"2025-04-09T11:51:38+00:00\",\"author\":{\"@id\":\"https:\/\/enovis-medtech.eu\/blog\/#\/schema\/person\/c6db1ca3889116e10ad105a91e80fdda\"},\"description\":\"Plus de 2 salari\u00e9s sur 3 ont eu, ou auront une lombalgie. En comparaison, \u00e0 quoi correspond la lombo-sciatalgie ?\",\"breadcrumb\":{\"@id\":\"https:\/\/enovis-medtech.eu\/blog\/lombosciatalgie-et-activite-comment-les-concilier\/#breadcrumb\"},\"inLanguage\":\"fr-FR\",\"potentialAction\":[{\"@type\":\"ReadAction\",\"target\":[\"https:\/\/enovis-medtech.eu\/blog\/lombosciatalgie-et-activite-comment-les-concilier\/\"]}]},{\"@type\":\"ImageObject\",\"inLanguage\":\"fr-FR\",\"@id\":\"https:\/\/enovis-medtech.eu\/blog\/lombosciatalgie-et-activite-comment-les-concilier\/#primaryimage\",\"url\":\"https:\/\/enovis-medtech.eu\/blog\/wp-content\/uploads\/2020\/04\/pa-douleur-Constance-BAS-DOS_72dpi.jpg\",\"contentUrl\":\"https:\/\/enovis-medtech.eu\/blog\/wp-content\/uploads\/2020\/04\/pa-douleur-Constance-BAS-DOS_72dpi.jpg\",\"width\":1843,\"height\":1382,\"caption\":\"mal du bas du dos\"},{\"@type\":\"BreadcrumbList\",\"@id\":\"https:\/\/enovis-medtech.eu\/blog\/lombosciatalgie-et-activite-comment-les-concilier\/#breadcrumb\",\"itemListElement\":[{\"@type\":\"ListItem\",\"position\":1,\"name\":\"Home\",\"item\":\"https:\/\/enovis-medtech.eu\/blog\/\"},{\"@type\":\"ListItem\",\"position\":2,\"name\":\"LOMBO-SCIATALGIE ET ACTIVITE\"}]},{\"@type\":\"WebSite\",\"@id\":\"https:\/\/enovis-medtech.eu\/blog\/#website\",\"url\":\"https:\/\/enovis-medtech.eu\/blog\/\",\"name\":\"Enovis France\",\"description\":\"- Blog\",\"potentialAction\":[{\"@type\":\"SearchAction\",\"target\":{\"@type\":\"EntryPoint\",\"urlTemplate\":\"https:\/\/enovis-medtech.eu\/blog\/?s={search_term_string}\"},\"query-input\":{\"@type\":\"PropertyValueSpecification\",\"valueRequired\":true,\"valueName\":\"search_term_string\"}}],\"inLanguage\":\"fr-FR\"},{\"@type\":\"Person\",\"@id\":\"https:\/\/enovis-medtech.eu\/blog\/#\/schema\/person\/c6db1ca3889116e10ad105a91e80fdda\",\"name\":\"Enovis France\",\"image\":{\"@type\":\"ImageObject\",\"inLanguage\":\"fr-FR\",\"@id\":\"https:\/\/enovis-medtech.eu\/blog\/#\/schema\/person\/image\/\",\"url\":\"https:\/\/secure.gravatar.com\/avatar\/3ff989cc77c76fed6e0fc346b43139fd83d1ce198fa927a884b9ab48ef75d7c2?s=96&d=mm&r=g\",\"contentUrl\":\"https:\/\/secure.gravatar.com\/avatar\/3ff989cc77c76fed6e0fc346b43139fd83d1ce198fa927a884b9ab48ef75d7c2?s=96&d=mm&r=g\",\"caption\":\"Enovis France\"},\"url\":\"https:\/\/enovis-medtech.eu\/blog\/author\/eleonore_lecoeur\/\"}]}<\/script>\n<!-- \/ Yoast SEO plugin. -->","yoast_head_json":{"title":"LOMBO-SCIATALGIE ET ACTIVITE - Enovis France","description":"Plus de 2 salari\u00e9s sur 3 ont eu, ou auront une lombalgie. En comparaison, \u00e0 quoi correspond la lombo-sciatalgie ?","robots":{"index":"index","follow":"follow","max-snippet":"max-snippet:-1","max-image-preview":"max-image-preview:large","max-video-preview":"max-video-preview:-1"},"canonical":"https:\/\/enovis-medtech.eu\/blog\/lombosciatalgie-et-activite-comment-les-concilier\/","og_locale":"fr_FR","og_type":"article","og_title":"LOMBO-SCIATALGIE ET ACTIVITE - Enovis France","og_description":"Plus de 2 salari\u00e9s sur 3 ont eu, ou auront une lombalgie. En comparaison, \u00e0 quoi correspond la lombo-sciatalgie ?","og_url":"https:\/\/enovis-medtech.eu\/blog\/lombosciatalgie-et-activite-comment-les-concilier\/","og_site_name":"Enovis France","article_published_time":"2023-05-16T10:00:34+00:00","article_modified_time":"2025-04-09T11:51:38+00:00","og_image":[{"width":1843,"height":1382,"url":"https:\/\/enovis-medtech.eu\/blog\/wp-content\/uploads\/2020\/04\/pa-douleur-Constance-BAS-DOS_72dpi.jpg","type":"image\/jpeg"}],"author":"Enovis France","twitter_card":"summary_large_image","twitter_misc":{"\u00c9crit par":"Enovis France","Dur\u00e9e de lecture estim\u00e9e":"6 minutes"},"schema":{"@context":"https:\/\/schema.org","@graph":[{"@type":"WebPage","@id":"https:\/\/enovis-medtech.eu\/blog\/lombosciatalgie-et-activite-comment-les-concilier\/","url":"https:\/\/enovis-medtech.eu\/blog\/lombosciatalgie-et-activite-comment-les-concilier\/","name":"LOMBO-SCIATALGIE ET ACTIVITE - Enovis France","isPartOf":{"@id":"https:\/\/enovis-medtech.eu\/blog\/#website"},"primaryImageOfPage":{"@id":"https:\/\/enovis-medtech.eu\/blog\/lombosciatalgie-et-activite-comment-les-concilier\/#primaryimage"},"image":{"@id":"https:\/\/enovis-medtech.eu\/blog\/lombosciatalgie-et-activite-comment-les-concilier\/#primaryimage"},"thumbnailUrl":"https:\/\/enovis-medtech.eu\/blog\/wp-content\/uploads\/2020\/04\/pa-douleur-Constance-BAS-DOS_72dpi.jpg","datePublished":"2023-05-16T10:00:34+00:00","dateModified":"2025-04-09T11:51:38+00:00","author":{"@id":"https:\/\/enovis-medtech.eu\/blog\/#\/schema\/person\/c6db1ca3889116e10ad105a91e80fdda"},"description":"Plus de 2 salari\u00e9s sur 3 ont eu, ou auront une lombalgie. En comparaison, \u00e0 quoi correspond la lombo-sciatalgie ?","breadcrumb":{"@id":"https:\/\/enovis-medtech.eu\/blog\/lombosciatalgie-et-activite-comment-les-concilier\/#breadcrumb"},"inLanguage":"fr-FR","potentialAction":[{"@type":"ReadAction","target":["https:\/\/enovis-medtech.eu\/blog\/lombosciatalgie-et-activite-comment-les-concilier\/"]}]},{"@type":"ImageObject","inLanguage":"fr-FR","@id":"https:\/\/enovis-medtech.eu\/blog\/lombosciatalgie-et-activite-comment-les-concilier\/#primaryimage","url":"https:\/\/enovis-medtech.eu\/blog\/wp-content\/uploads\/2020\/04\/pa-douleur-Constance-BAS-DOS_72dpi.jpg","contentUrl":"https:\/\/enovis-medtech.eu\/blog\/wp-content\/uploads\/2020\/04\/pa-douleur-Constance-BAS-DOS_72dpi.jpg","width":1843,"height":1382,"caption":"mal du bas du dos"},{"@type":"BreadcrumbList","@id":"https:\/\/enovis-medtech.eu\/blog\/lombosciatalgie-et-activite-comment-les-concilier\/#breadcrumb","itemListElement":[{"@type":"ListItem","position":1,"name":"Home","item":"https:\/\/enovis-medtech.eu\/blog\/"},{"@type":"ListItem","position":2,"name":"LOMBO-SCIATALGIE ET ACTIVITE"}]},{"@type":"WebSite","@id":"https:\/\/enovis-medtech.eu\/blog\/#website","url":"https:\/\/enovis-medtech.eu\/blog\/","name":"Enovis France","description":"- Blog","potentialAction":[{"@type":"SearchAction","target":{"@type":"EntryPoint","urlTemplate":"https:\/\/enovis-medtech.eu\/blog\/?s={search_term_string}"},"query-input":{"@type":"PropertyValueSpecification","valueRequired":true,"valueName":"search_term_string"}}],"inLanguage":"fr-FR"},{"@type":"Person","@id":"https:\/\/enovis-medtech.eu\/blog\/#\/schema\/person\/c6db1ca3889116e10ad105a91e80fdda","name":"Enovis France","image":{"@type":"ImageObject","inLanguage":"fr-FR","@id":"https:\/\/enovis-medtech.eu\/blog\/#\/schema\/person\/image\/","url":"https:\/\/secure.gravatar.com\/avatar\/3ff989cc77c76fed6e0fc346b43139fd83d1ce198fa927a884b9ab48ef75d7c2?s=96&d=mm&r=g","contentUrl":"https:\/\/secure.gravatar.com\/avatar\/3ff989cc77c76fed6e0fc346b43139fd83d1ce198fa927a884b9ab48ef75d7c2?s=96&d=mm&r=g","caption":"Enovis France"},"url":"https:\/\/enovis-medtech.eu\/blog\/author\/eleonore_lecoeur\/"}]}},"_links":{"self":[{"href":"https:\/\/enovis-medtech.eu\/blog\/wp-json\/wp\/v2\/posts\/756","targetHints":{"allow":["GET"]}}],"collection":[{"href":"https:\/\/enovis-medtech.eu\/blog\/wp-json\/wp\/v2\/posts"}],"about":[{"href":"https:\/\/enovis-medtech.eu\/blog\/wp-json\/wp\/v2\/types\/post"}],"author":[{"embeddable":true,"href":"https:\/\/enovis-medtech.eu\/blog\/wp-json\/wp\/v2\/users\/3"}],"replies":[{"embeddable":true,"href":"https:\/\/enovis-medtech.eu\/blog\/wp-json\/wp\/v2\/comments?post=756"}],"version-history":[{"count":15,"href":"https:\/\/enovis-medtech.eu\/blog\/wp-json\/wp\/v2\/posts\/756\/revisions"}],"predecessor-version":[{"id":2615,"href":"https:\/\/enovis-medtech.eu\/blog\/wp-json\/wp\/v2\/posts\/756\/revisions\/2615"}],"wp:featuredmedia":[{"embeddable":true,"href":"https:\/\/enovis-medtech.eu\/blog\/wp-json\/wp\/v2\/media\/768"}],"wp:attachment":[{"href":"https:\/\/enovis-medtech.eu\/blog\/wp-json\/wp\/v2\/media?parent=756"}],"wp:term":[{"taxonomy":"category","embeddable":true,"href":"https:\/\/enovis-medtech.eu\/blog\/wp-json\/wp\/v2\/categories?post=756"},{"taxonomy":"post_tag","embeddable":true,"href":"https:\/\/enovis-medtech.eu\/blog\/wp-json\/wp\/v2\/tags?post=756"}],"curies":[{"name":"wp","href":"https:\/\/api.w.org\/{rel}","templated":true}]}}